{"id":43761,"date":"2026-01-21T15:03:11","date_gmt":"2026-01-21T18:03:11","guid":{"rendered":"https:\/\/www.elpolitologoyelpolitico.com.ar\/wordpress\/?p=43761"},"modified":"2026-01-21T15:03:12","modified_gmt":"2026-01-21T18:03:12","slug":"milei-en-davos-america-sera-el-faro-de-luz-para-occidente","status":"publish","type":"post","link":"https:\/\/www.elpolitologoyelpolitico.com.ar\/wordpress\/2026\/01\/21\/milei-en-davos-america-sera-el-faro-de-luz-para-occidente\/","title":{"rendered":"Milei en Davos: \u00abAm\u00e9rica ser\u00e1 el faro de luz para Occidente\u00bb"},"content":{"rendered":"\n<p>El presidente argentino, Javier Milei, destac\u00f3 con un mensaje que rompi\u00f3 todos los moldes. Bajo la premisa de que \u00abOccidente est\u00e1 en peligro\u00bb, Milei transform\u00f3 su intervenci\u00f3n en el Foro Econ\u00f3mico Mundial en una defensa ferviente del capitalismo de libre empresa y una advertencia contra el avance del colectivismo.<\/p>\n\n\n\n<p>Desde su llegada, el mandatario fue recibido con la curiosidad que despierta una figura disruptiva, siendo calificado por diversos medios internacionales como una \u00abestrella de rock\u00bb de la econom\u00eda liberal. Sin embargo, el entusiasmo inicial de algunos l\u00edderes y empresarios se transform\u00f3 en un silencio reflexivo a medida que Milei desglosaba su diagn\u00f3stico sobre la decadencia de las naciones occidentales debido al Socialismo del Siglo XXI.<\/p>\n\n\n\n<p>El eje central de su alocuci\u00f3n fue el ataque frontal a la intervenci\u00f3n estatal y al concepto de \u00abjusticia social\u00bb, al cual calific\u00f3 de intr\u00ednsecamente injusto. Para Milei, el \u00e9xito econ\u00f3mico no depende de la regulaci\u00f3n, sino de la libertad absoluta de aquellos que arriesgan su capital.<\/p>\n\n\n\n<p><strong>\u00abNo se dejen amedrentar ni por la casta pol\u00edtica ni por los par\u00e1sitos que viven del Estado.<\/strong><strong> No se entreguen a una clase pol\u00edtica que lo \u00fanico que quiere es perpetuarse en el poder y mantener sus privilegios. Ustedes son benefactores sociales.<\/strong><strong><sup> <\/sup><\/strong><strong>Ustedes son h\u00e9roes.\u00bb<\/strong><strong><\/strong><\/p>\n\n\n\n<p>El presidente argentino argument\u00f3 que el sistema capitalista es el \u00fanico capaz de terminar con la pobreza en el mundo, citando datos hist\u00f3ricos sobre el crecimiento del PBI global tras la Revoluci\u00f3n Industrial.<\/p>\n\n\n\n<p>Milei cerr\u00f3 su discurso con un mensaje directo a los empresarios presentes, asegur\u00e1ndoles que, bajo su gesti\u00f3n, la Argentina se convertir\u00e1 en un aliado incondicional del sector privado. Su ya ic\u00f3nico grito de \u00ab\u00a1Viva la libertad, carajo!\u00bb reson\u00f3 en el auditorio, marcando un antes y un despu\u00e9s en la participaci\u00f3n argentina en este foro.<\/p>\n<div class=\"fb-background-color\">\n\t\t\t  <div \n\t\t\t  \tclass = \"fb-comments\" \n\t\t\t  \tdata-href = \"https:\/\/www.elpolitologoyelpolitico.com.ar\/wordpress\/2026\/01\/21\/milei-en-davos-america-sera-el-faro-de-luz-para-occidente\/\"\n\t\t\t  \tdata-numposts = \"10\"\n\t\t\t  \tdata-lazy = \"true\"\n\t\t\t\tdata-colorscheme = \"light\"\n\t\t\t\tdata-order-by = \"social\"\n\t\t\t\tdata-mobile=true>\n\t\t\t  <\/div><\/div>\n\t\t  <style>\n\t\t    .fb-background-color {\n\t\t\t\tbackground: #ffffff !important;\n\t\t\t}\n\t\t\t.fb_iframe_widget_fluid_desktop iframe {\n\t\t\t    width: 100% !important;\n\t\t\t}\n\t\t  <\/style>\n\t\t  ","protected":false},"excerpt":{"rendered":"<p>El presidente argentino, Javier Milei, destac\u00f3 con un mensaje que rompi\u00f3 todos los moldes. Bajo la premisa de que \u00abOccidente est\u00e1 en peligro\u00bb, Milei transform\u00f3 su intervenci\u00f3n en el Foro Econ\u00f3mico Mundial en una defensa ferviente del capitalismo de libre empresa y una advertencia contra el avance del colectivismo. Desde su llegada, el mandatario fue [&hellip;]<\/p>\n","protected":false},"author":4,"featured_media":43762,"comment_status":"closed","ping_status":"closed","sticky":false,"template":"","format":"standard","meta":{"_joinchat":[],"footnotes":""},"categories":[21],"tags":[],"class_list":["post-43761","post","type-post","status-publish","format-standard","has-post-thumbnail","hentry","category-actores-politicos"],"_links":{"self":[{"href":"https:\/\/www.elpolitologoyelpolitico.com.ar\/wordpress\/wp-json\/wp\/v2\/posts\/43761","targetHints":{"allow":["GET"]}}],"collection":[{"href":"https:\/\/www.elpolitologoyelpolitico.com.ar\/wordpress\/wp-json\/wp\/v2\/posts"}],"about":[{"href":"https:\/\/www.elpolitologoyelpolitico.com.ar\/wordpress\/wp-json\/wp\/v2\/types\/post"}],"author":[{"embeddable":true,"href":"https:\/\/www.elpolitologoyelpolitico.com.ar\/wordpress\/wp-json\/wp\/v2\/users\/4"}],"replies":[{"embeddable":true,"href":"https:\/\/www.elpolitologoyelpolitico.com.ar\/wordpress\/wp-json\/wp\/v2\/comments?post=43761"}],"version-history":[{"count":1,"href":"https:\/\/www.elpolitologoyelpolitico.com.ar\/wordpress\/wp-json\/wp\/v2\/posts\/43761\/revisions"}],"predecessor-version":[{"id":43763,"href":"https:\/\/www.elpolitologoyelpolitico.com.ar\/wordpress\/wp-json\/wp\/v2\/posts\/43761\/revisions\/43763"}],"wp:featuredmedia":[{"embeddable":true,"href":"https:\/\/www.elpolitologoyelpolitico.com.ar\/wordpress\/wp-json\/wp\/v2\/media\/43762"}],"wp:attachment":[{"href":"https:\/\/www.elpolitologoyelpolitico.com.ar\/wordpress\/wp-json\/wp\/v2\/media?parent=43761"}],"wp:term":[{"taxonomy":"category","embeddable":true,"href":"https:\/\/www.elpolitologoyelpolitico.com.ar\/wordpress\/wp-json\/wp\/v2\/categories?post=43761"},{"taxonomy":"post_tag","embeddable":true,"href":"https:\/\/www.elpolitologoyelpolitico.com.ar\/wordpress\/wp-json\/wp\/v2\/tags?post=43761"}],"curies":[{"name":"wp","href":"https:\/\/api.w.org\/{rel}","templated":true}]}}