{"id":43236,"date":"2025-12-11T14:50:32","date_gmt":"2025-12-11T17:50:32","guid":{"rendered":"https:\/\/www.elpolitologoyelpolitico.com.ar\/wordpress\/?p=43236"},"modified":"2025-12-11T14:55:03","modified_gmt":"2025-12-11T17:55:03","slug":"la-268-vivienda-se-renueva-gestion-transparente-y-compromiso-vecinal-en-el-barrio-eva-peron","status":"publish","type":"post","link":"https:\/\/www.elpolitologoyelpolitico.com.ar\/wordpress\/2025\/12\/11\/la-268-vivienda-se-renueva-gestion-transparente-y-compromiso-vecinal-en-el-barrio-eva-peron\/","title":{"rendered":"La \u00ab268 Vivienda\u00bb se Renueva: Gesti\u00f3n Transparente y Compromiso Vecinal en el Barrio Eva Per\u00f3n"},"content":{"rendered":"\n<figure class=\"wp-block-audio\"><audio controls src=\"https:\/\/www.elpolitologoyelpolitico.com.ar\/wp-content\/uploads\/2025\/12\/2025-12-11-Sebastian-Andrada.mp3\"><\/audio><\/figure>\n\n\n\n<p>En un di\u00e1logo cargado de entusiasmo y compromiso, conversamos esta ma\u00f1ana con Sebasti\u00e1n Andrada, el flamante presidente de la Comisi\u00f3n de Fomento del Barrio Eva Per\u00f3n, popularmente conocido como \u00abLa 268 Vivienda\u00bb de Patagones. Tras imponerse en las recientes elecciones, Andrada y su equipo han puesto manos a la obra, priorizando el ordenamiento, la transparencia y la reactivaci\u00f3n de las actividades comunitarias.<\/p>\n\n\n\n<p>La primera gran acci\u00f3n visible de la nueva comisi\u00f3n ha sido la redecoraci\u00f3n de la plaza barrial, un proyecto que r\u00e1pidamente se gan\u00f3 el apoyo de los vecinos.<\/p>\n\n\n\n<p><strong>\u00abLa verdad que muy contento con la gente que est\u00e1 en la lista y que nos apoy\u00f3 todo, la mayor\u00eda, gran porcentaje del barrio\u00bb<\/strong> expres\u00f3 Andrada al iniciar la conversaci\u00f3n, y enseguida se refiri\u00f3 a la iniciativa festiva: <strong>\u00abSe nos ocurri\u00f3 la idea de las im\u00e1genes del \u00e1rbol de navidad en la plaza, as\u00ed que dijimos, vamos a hacerlos, y bueno, tuvimos el apoyo de toda la gente, que don\u00f3 luces, adornos\u00bb.<\/strong><\/p>\n\n\n\n<p>El esfuerzo no solo embelleci\u00f3 el espacio, sino que tambi\u00e9n mejor\u00f3 sustancialmente la iluminaci\u00f3n general de la plaza<strong>. \u00abQuer\u00eda comentar el tema de la iluminaci\u00f3n de la plaza, no s\u00e9 si has pasado, has podido pasar por ah\u00ed, qued\u00f3 hermoso la iluminaci\u00f3n, se pudo gestionar, se pudo ver, se pudo lograr las luces\u00bb<\/strong> destac\u00f3 el presidente, visiblemente satisfecho.<\/p>\n\n\n\n<p>Paralelamente, la comisi\u00f3n impuls\u00f3 el encuentro de emprendedores. <strong>\u00abS\u00ed, hicimos una feria navide\u00f1a, que se convoc\u00f3 a la gente que quiera llevar su producto del barrio, y tambi\u00e9n de afuera\u00bb<\/strong>, relat\u00f3 Andrada, confirmando que la actividad se repetir\u00e1: <strong>\u00abAhora estamos analizando para hacerla el 21 de este mes, seguramente vamos a tener m\u00e1s convocatorias, obviamente que es gratuito.\u00bb<\/strong><\/p>\n\n\n\n<figure class=\"wp-block-image size-full\"><img fetchpriority=\"high\" decoding=\"async\" width=\"640\" height=\"312\" src=\"https:\/\/www.elpolitologoyelpolitico.com.ar\/wp-content\/uploads\/2025\/12\/IVI-FRANCO-33.png\" alt=\"\" class=\"wp-image-43241\" srcset=\"https:\/\/www.elpolitologoyelpolitico.com.ar\/wp-content\/uploads\/2025\/12\/IVI-FRANCO-33.png 640w, https:\/\/www.elpolitologoyelpolitico.com.ar\/wp-content\/uploads\/2025\/12\/IVI-FRANCO-33-300x146.png 300w\" sizes=\"(max-width: 640px) 100vw, 640px\" \/><\/figure>\n\n\n\n<p>Adem\u00e1s de las actividades recreativas y comerciales, la Comisi\u00f3n de Fomento est\u00e1 enfocada en brindar herramientas de prevenci\u00f3n a las familias, especialmente de cara a las celebraciones de fin de a\u00f1o.<\/p>\n\n\n\n<p><strong>\u00abVoy a dar una capacitaci\u00f3n en el SUM nuestro, gratuito, obviamente, y con un alimento no perecedero, van a poder participar cualquier familia del barrio o de afuera\u00bb<\/strong>, anunci\u00f3 Sebasti\u00e1n Andrada. El eje de la charla es la prevenci\u00f3n, con foco en emergencias comunes de la \u00e9poca festiva.<\/p>\n\n\n\n<p><strong>\u00abVamos a dar un poquito de primer auxilio, pero m\u00e1s que nada, vamos a tocar en los puntos de quemadura, de uso pirotecnia, prevenci\u00f3n en la casa, incendios, un poquito, matafuegos [&#8230;] Vamos a tratar un poquito de dar una capacitaci\u00f3n, una charlita para las familias, porque viene una fiesta, porque vienen muchas comidas, porque la gente anda acelerada\u00bb,<\/strong> explic\u00f3 sobre esta importante iniciativa comunitaria.<\/p>\n\n\n\n<p>Tras asumir sus funciones hace apenas unas semanas, el equipo de Andrada se encontr\u00f3 con un panorama administrativo claro, pero con desaf\u00edos en la infraestructura del Sal\u00f3n de Usos M\u00faltiples (SUM).<\/p>\n\n\n\n<p>\u00abNosotros lo agarramos en cero, que era lo que quer\u00edamos, era lo ideal, no tener deudas\u00bb coment\u00f3 sobre el estado financiero. Sin embargo, enfatiz\u00f3 la necesidad de reformas: <strong>\u00abHay mucho que mejorar en el SUM, porque ha estado muy dejado, hay que arreglar muchas cosas, la canchita que est\u00e1 al lado tambi\u00e9n\u00bb.<\/strong> La comisi\u00f3n ya ha comenzado con arreglos b\u00e1sicos, como el cambio de cerraduras.<\/p>\n\n\n\n<p>Un pilar de la gesti\u00f3n ser\u00e1 la transparencia total. <strong>\u201cEl acompa\u00f1amiento de los vecinos est\u00e1 y la gente est\u00e1 muy contenta\u201d<\/strong>, asegur\u00f3 Andrada, quien destac\u00f3 la v\u00eda de comunicaci\u00f3n vecinal: <strong>\u00abNosotros tenemos el Facebook que dice Barrio 268, y ah\u00ed sumamos, publicamos todas las actividades que hacemos.\u00bb<\/strong><\/p>\n\n\n\n<figure class=\"wp-block-image size-full\"><img decoding=\"async\" width=\"640\" height=\"312\" src=\"https:\/\/www.elpolitologoyelpolitico.com.ar\/wp-content\/uploads\/2025\/12\/IVI-FRANCO-34.png\" alt=\"\" class=\"wp-image-43242\" srcset=\"https:\/\/www.elpolitologoyelpolitico.com.ar\/wp-content\/uploads\/2025\/12\/IVI-FRANCO-34.png 640w, https:\/\/www.elpolitologoyelpolitico.com.ar\/wp-content\/uploads\/2025\/12\/IVI-FRANCO-34-300x146.png 300w\" sizes=\"(max-width: 640px) 100vw, 640px\" \/><\/figure>\n\n\n\n<p><strong>\u00abComo yo dije antes de las elecciones, nosotros cada cosa que ingrese y egrese, vamos a publicarla, cada actividad que vamos a hacer, vamos a publicar para que sea transparente\u00bb<\/strong>, sentenci\u00f3 el presidente, consolidando su compromiso de rendici\u00f3n de cuentas.<\/p>\n\n\n\n<p>Con estos primeros pasos, el Barrio Eva Per\u00f3n o \u00abLa 268 Vivienda\u00bb muestra un renovado impulso, basado en el cumplimiento de promesas, la transparencia y la articulaci\u00f3n entre la comisi\u00f3n de fomento, los vecinos y la Municipalidad.<\/p>\n\n\n\n<p><\/p>\n<div class=\"fb-background-color\">\n\t\t\t  <div \n\t\t\t  \tclass = \"fb-comments\" \n\t\t\t  \tdata-href = \"https:\/\/www.elpolitologoyelpolitico.com.ar\/wordpress\/2025\/12\/11\/la-268-vivienda-se-renueva-gestion-transparente-y-compromiso-vecinal-en-el-barrio-eva-peron\/\"\n\t\t\t  \tdata-numposts = \"10\"\n\t\t\t  \tdata-lazy = \"true\"\n\t\t\t\tdata-colorscheme = \"light\"\n\t\t\t\tdata-order-by = \"social\"\n\t\t\t\tdata-mobile=true>\n\t\t\t  <\/div><\/div>\n\t\t  <style>\n\t\t    .fb-background-color {\n\t\t\t\tbackground: #ffffff !important;\n\t\t\t}\n\t\t\t.fb_iframe_widget_fluid_desktop iframe {\n\t\t\t    width: 100% !important;\n\t\t\t}\n\t\t  <\/style>\n\t\t  ","protected":false},"excerpt":{"rendered":"<p>En un di\u00e1logo cargado de entusiasmo y compromiso, conversamos esta ma\u00f1ana con Sebasti\u00e1n Andrada, el flamante presidente de la Comisi\u00f3n de Fomento del Barrio Eva Per\u00f3n, popularmente conocido como \u00abLa 268 Vivienda\u00bb de Patagones. Tras imponerse en las recientes elecciones, Andrada y su equipo han puesto manos a la obra, priorizando el ordenamiento, la transparencia [&hellip;]<\/p>\n","protected":false},"author":4,"featured_media":43238,"comment_status":"closed","ping_status":"closed","sticky":false,"template":"","format":"standard","meta":{"_joinchat":[],"footnotes":""},"categories":[18],"tags":[],"class_list":["post-43236","post","type-post","status-publish","format-standard","has-post-thumbnail","hentry","category-fundaciones-asociaciones"],"_links":{"self":[{"href":"https:\/\/www.elpolitologoyelpolitico.com.ar\/wordpress\/wp-json\/wp\/v2\/posts\/43236","targetHints":{"allow":["GET"]}}],"collection":[{"href":"https:\/\/www.elpolitologoyelpolitico.com.ar\/wordpress\/wp-json\/wp\/v2\/posts"}],"about":[{"href":"https:\/\/www.elpolitologoyelpolitico.com.ar\/wordpress\/wp-json\/wp\/v2\/types\/post"}],"author":[{"embeddable":true,"href":"https:\/\/www.elpolitologoyelpolitico.com.ar\/wordpress\/wp-json\/wp\/v2\/users\/4"}],"replies":[{"embeddable":true,"href":"https:\/\/www.elpolitologoyelpolitico.com.ar\/wordpress\/wp-json\/wp\/v2\/comments?post=43236"}],"version-history":[{"count":2,"href":"https:\/\/www.elpolitologoyelpolitico.com.ar\/wordpress\/wp-json\/wp\/v2\/posts\/43236\/revisions"}],"predecessor-version":[{"id":43243,"href":"https:\/\/www.elpolitologoyelpolitico.com.ar\/wordpress\/wp-json\/wp\/v2\/posts\/43236\/revisions\/43243"}],"wp:featuredmedia":[{"embeddable":true,"href":"https:\/\/www.elpolitologoyelpolitico.com.ar\/wordpress\/wp-json\/wp\/v2\/media\/43238"}],"wp:attachment":[{"href":"https:\/\/www.elpolitologoyelpolitico.com.ar\/wordpress\/wp-json\/wp\/v2\/media?parent=43236"}],"wp:term":[{"taxonomy":"category","embeddable":true,"href":"https:\/\/www.elpolitologoyelpolitico.com.ar\/wordpress\/wp-json\/wp\/v2\/categories?post=43236"},{"taxonomy":"post_tag","embeddable":true,"href":"https:\/\/www.elpolitologoyelpolitico.com.ar\/wordpress\/wp-json\/wp\/v2\/tags?post=43236"}],"curies":[{"name":"wp","href":"https:\/\/api.w.org\/{rel}","templated":true}]}}