{"id":43036,"date":"2025-11-20T13:38:32","date_gmt":"2025-11-20T16:38:32","guid":{"rendered":"https:\/\/www.elpolitologoyelpolitico.com.ar\/wordpress\/?p=43036"},"modified":"2025-11-20T13:38:33","modified_gmt":"2025-11-20T16:38:33","slug":"varias-iglesias-de-viedma-se-unen-y-analizan-la-marcha-del-orgullo-lgbtiq-que-quieren-declarar-como-interes-educativo","status":"publish","type":"post","link":"https:\/\/www.elpolitologoyelpolitico.com.ar\/wordpress\/2025\/11\/20\/varias-iglesias-de-viedma-se-unen-y-analizan-la-marcha-del-orgullo-lgbtiq-que-quieren-declarar-como-interes-educativo\/","title":{"rendered":"Varias iglesias de Viedma se unen y analizan la Marcha del Orgullo LGBTIQ+ que quieren declarar como inter\u00e9s educativo"},"content":{"rendered":"\n<p class=\"has-medium-font-size\">Como parte de la comunidad cristiana comprometida con la verdad de la Palabra de Dios y el amor genuino hacia todas las personas, queremos expresar nuestra posici\u00f3n en relaci\u00f3n con la pr\u00f3xima realizaci\u00f3n de la 10\u00aa Marcha del Orgullo LGBTIQ+ este s\u00e1bado 22 de Noviembre en Viedma.<\/p>\n\n\n\n<p class=\"has-medium-font-size\">Nos preocupa que se presente como \u00abeducativo\u00bb algo que puede generar confusi\u00f3n en ni\u00f1os y adolescentes en etapa ps\u00edquica-evolutiva y socio-emocional. Tambi\u00e9n inquieta que se vinculen estos temas a ideolog\u00edas o posturas partidarias que dividen en lugar de promover di\u00e1logo respetuoso. La Biblia ense\u00f1a que Dios cre\u00f3 al ser humano a su imagen y semejanza, hombre y mujer los cre\u00f3 (G\u00e9nesis 1:27). En este orden, estableci\u00f3 el matrimonio como la uni\u00f3n sagrada y exclusiva entre un hombre y una mujer, quienes \u00abser\u00e1n una sola carne\u00bb (G\u00e9nesis 2:24). Jes\u00fas reafirma este dise\u00f1o divino cuando declara: \u00abPor eso dejar\u00e1 el hombre a su padre y a su madre y se unir\u00e1 a su esposa, y los dos ser\u00e1n una sola carne\u00bb (Mateo 19:4-6). Este es el fundamento para la familia y la base moral que sostiene a nuestra sociedad.<\/p>\n\n\n\n<p class=\"has-medium-font-size\">Las Escrituras (Biblia) tambi\u00e9n advierten claramente sobre pr\u00e1cticas contrarias a este dise\u00f1o, incluyendo la inmoralidad sexual (1 Corintios 6:9-11; Romanos 1:26-27). La cual llama a todos los seres humanos al arrepentimiento y a vivir conforme a la voluntad de Dios (1 Timoteo 1:9-10).<\/p>\n\n\n\n<p class=\"has-medium-font-size\">Entendemos que vivimos en una cultura que busca redefinir la sexualidad y el matrimonio alej\u00e1ndolos del prop\u00f3sito que Dios dispuso. Sin embargo, cualquier cambio o aceptaci\u00f3n social que contradiga las Escrituras no puede ser avalado por nosotros como iglesia. Creemos que el matrimonio entre un hombre y una mujer es especial y valioso, y representa el amor verdadero y entregado que Jes\u00fas mostr\u00f3 por nosotros (Efesios 5:22-33).<\/p>\n\n\n\n<p class=\"has-medium-font-size\">No rechazamos ni condenamos a las personas que enfrentan luchas con su identidad o pr\u00e1cticas; m\u00e1s bien, ofrecemos apoyo pastoral, amor y oraci\u00f3n para que cada persona pueda encontrar su verdadera identidad y libertad en Jesucristo (Juan 8:36). La iglesia es llamada a amar sin dejar de ser fiel a la verdad revelada en la Biblia.<\/p>\n\n\n\n<p class=\"has-medium-font-size\">Invitamos a las autoridades y a la comunidad educativa a promover valores que construyan familias s\u00f3lidas y protejan el bienestar espiritual y moral de ni\u00f1os y j\u00f3venes. La educaci\u00f3n y pol\u00edtica p\u00fablica deben respetar y afirmar el dise\u00f1o divino para la vida sexual humana y el matrimonio.<\/p>\n\n\n\n<p class=\"has-medium-font-size\">Nuestro compromiso es predicar y vivir el Evangelio con amor, proclamando el arrepentimiento y la esperanza en Cristo, sin discriminar ni odiar, sino buscando la reconciliaci\u00f3n y la restauraci\u00f3n mediante el poder transformador del Esp\u00edritu Santo.<\/p>\n\n\n\n<p class=\"has-medium-font-size\">Que Dios bendiga a nuestra ciudad, a sus familias y a cada persona con la verdad y la gracia que solo \u00c9l ofrece.<\/p>\n\n\n\n<p class=\"has-medium-font-size\">Les saludamos atte.<\/p>\n\n\n\n<p class=\"has-medium-font-size\">Pr. Gustavo Juan Ramos<br>Iglesia Bautista del Centro Viedma; Pr. Ra\u00fal Rodolfo D\u00edaz Iglesia Centro Cristiano Viedma; Pr. Miguel Flores<br>Iglesia Ministerio Cristo la soluci\u00f3n; Pr. Fabio H\u00e9ctor Miran Iglesia Casa de oraci\u00f3n Viedma; Pr. Esteban Gisbert Iglesia Centro Cristiano Esperanza;<br>Ap. Miguel A. Aguirre<br>Iglesia Casa de Dios Puerta del Cielo; Pr. Miguel Armoa<br>Iglesia del Nazareno.<\/p>\n\n\n\n<p><\/p>\n<div class=\"fb-background-color\">\n\t\t\t  <div \n\t\t\t  \tclass = \"fb-comments\" \n\t\t\t  \tdata-href = \"https:\/\/www.elpolitologoyelpolitico.com.ar\/wordpress\/2025\/11\/20\/varias-iglesias-de-viedma-se-unen-y-analizan-la-marcha-del-orgullo-lgbtiq-que-quieren-declarar-como-interes-educativo\/\"\n\t\t\t  \tdata-numposts = \"10\"\n\t\t\t  \tdata-lazy = \"true\"\n\t\t\t\tdata-colorscheme = \"light\"\n\t\t\t\tdata-order-by = \"social\"\n\t\t\t\tdata-mobile=true>\n\t\t\t  <\/div><\/div>\n\t\t  <style>\n\t\t    .fb-background-color {\n\t\t\t\tbackground: #ffffff !important;\n\t\t\t}\n\t\t\t.fb_iframe_widget_fluid_desktop iframe {\n\t\t\t    width: 100% !important;\n\t\t\t}\n\t\t  <\/style>\n\t\t  ","protected":false},"excerpt":{"rendered":"<p>Como parte de la comunidad cristiana comprometida con la verdad de la Palabra de Dios y el amor genuino hacia todas las personas, queremos expresar nuestra posici\u00f3n en relaci\u00f3n con la pr\u00f3xima realizaci\u00f3n de la 10\u00aa Marcha del Orgullo LGBTIQ+ este s\u00e1bado 22 de Noviembre en Viedma. Nos preocupa que se presente como \u00abeducativo\u00bb algo [&hellip;]<\/p>\n","protected":false},"author":4,"featured_media":43038,"comment_status":"closed","ping_status":"closed","sticky":false,"template":"","format":"standard","meta":{"_joinchat":[],"footnotes":""},"categories":[39],"tags":[],"class_list":["post-43036","post","type-post","status-publish","format-standard","has-post-thumbnail","hentry","category-en-esta-seccion"],"_links":{"self":[{"href":"https:\/\/www.elpolitologoyelpolitico.com.ar\/wordpress\/wp-json\/wp\/v2\/posts\/43036","targetHints":{"allow":["GET"]}}],"collection":[{"href":"https:\/\/www.elpolitologoyelpolitico.com.ar\/wordpress\/wp-json\/wp\/v2\/posts"}],"about":[{"href":"https:\/\/www.elpolitologoyelpolitico.com.ar\/wordpress\/wp-json\/wp\/v2\/types\/post"}],"author":[{"embeddable":true,"href":"https:\/\/www.elpolitologoyelpolitico.com.ar\/wordpress\/wp-json\/wp\/v2\/users\/4"}],"replies":[{"embeddable":true,"href":"https:\/\/www.elpolitologoyelpolitico.com.ar\/wordpress\/wp-json\/wp\/v2\/comments?post=43036"}],"version-history":[{"count":2,"href":"https:\/\/www.elpolitologoyelpolitico.com.ar\/wordpress\/wp-json\/wp\/v2\/posts\/43036\/revisions"}],"predecessor-version":[{"id":43039,"href":"https:\/\/www.elpolitologoyelpolitico.com.ar\/wordpress\/wp-json\/wp\/v2\/posts\/43036\/revisions\/43039"}],"wp:featuredmedia":[{"embeddable":true,"href":"https:\/\/www.elpolitologoyelpolitico.com.ar\/wordpress\/wp-json\/wp\/v2\/media\/43038"}],"wp:attachment":[{"href":"https:\/\/www.elpolitologoyelpolitico.com.ar\/wordpress\/wp-json\/wp\/v2\/media?parent=43036"}],"wp:term":[{"taxonomy":"category","embeddable":true,"href":"https:\/\/www.elpolitologoyelpolitico.com.ar\/wordpress\/wp-json\/wp\/v2\/categories?post=43036"},{"taxonomy":"post_tag","embeddable":true,"href":"https:\/\/www.elpolitologoyelpolitico.com.ar\/wordpress\/wp-json\/wp\/v2\/tags?post=43036"}],"curies":[{"name":"wp","href":"https:\/\/api.w.org\/{rel}","templated":true}]}}