{"id":43032,"date":"2025-11-19T21:13:09","date_gmt":"2025-11-20T00:13:09","guid":{"rendered":"https:\/\/www.elpolitologoyelpolitico.com.ar\/wordpress\/?p=43032"},"modified":"2025-11-19T21:13:11","modified_gmt":"2025-11-20T00:13:11","slug":"una-emprendedora-de-stroeder-denuncio-hostigamiento-solo-quiero-trabajar-en-paz","status":"publish","type":"post","link":"https:\/\/www.elpolitologoyelpolitico.com.ar\/wordpress\/2025\/11\/19\/una-emprendedora-de-stroeder-denuncio-hostigamiento-solo-quiero-trabajar-en-paz\/","title":{"rendered":"Una emprendedora de Stroeder denunci\u00f3 hostigamiento: \u2018Solo quiero trabajar en paz\u2019"},"content":{"rendered":"\n<p class=\"has-medium-font-size\">La propietaria de un local nocturno de Stroeder manifest\u00f3 p\u00fablicamente su malestar luego de un fin de semana marcado por m\u00faltiples inspecciones municipales y un fuerte cruce con la jefa de la Polic\u00eda Comunal. Seg\u00fan relat\u00f3, mientras atraviesa el cansancio y el impacto emocional de lo ocurrido, destac\u00f3 que encontr\u00f3 un apoyo masivo por parte de la comunidad.<\/p>\n\n\n\n<p class=\"has-medium-font-size\">La comerciante asegur\u00f3 que el bar que funcionaba anteriormente en ese mismo lugar trabaj\u00f3 durante tres a\u00f1os sin habilitaci\u00f3n, sin medidas de seguridad y sin inspecciones municipales. \u201cTres a\u00f1os de silencio, tres a\u00f1os mirando para otro lado\u201d, expres\u00f3, cuestionando el accionar actual del municipio.<\/p>\n\n\n\n<p class=\"has-medium-font-size\">Seg\u00fan indic\u00f3, desde que decidi\u00f3 invertir, refaccionar el espacio y cumplir con todos los requisitos para habilitar el local, recibi\u00f3 cuatro inspecciones en un mismo fin de semana. A eso sum\u00f3 un episodio ocurrido por la noche, cuando afirm\u00f3 haber sido maltratada y amenazada con una clausura por parte de la jefa de la Polic\u00eda Comunal, pese a contar con una pr\u00f3rroga legal para trabajar durante los d\u00edas 14 y 15. \u201c\u00bfDesde cu\u00e1ndo la polic\u00eda comunal puede pasar por encima de un permiso firmado?\u201d, cuestion\u00f3.<\/p>\n\n\n\n<p class=\"has-medium-font-size\">La emprendedora tambi\u00e9n se\u00f1al\u00f3 que este tipo de situaciones se repiten con otros comerciantes de Stroeder. Mencion\u00f3 el caso de un vecino cuyos negocios fueron clausurados y al que, seg\u00fan dijo, \u201cquisieron taparle todo lo que le hicieron en la terminal con tres chapas y dos luces\u201d.<\/p>\n\n\n\n<p class=\"has-medium-font-size\">En medio del conflicto, destac\u00f3 que recibi\u00f3 un fuerte acompa\u00f1amiento de vecinos, clientes, amigos y empleados. \u201cApareci\u00f3 Stroeder entero para decirme \u2018negra abr\u00ed igual\u2019\u201d, expres\u00f3. Agradeci\u00f3 adem\u00e1s el trabajo de su equipo de abogados, quienes gestionaron la pr\u00f3rroga que le permiti\u00f3 abrir el local a pesar de las tensiones con las autoridades.<\/p>\n\n\n\n<p class=\"has-medium-font-size\">La comerciante afirm\u00f3 que aguarda la habilitaci\u00f3n definitiva, que \u2014seg\u00fan se\u00f1al\u00f3\u2014 corresponde por derecho una vez finalizados todos los requisitos administrativos. \u201cQueda esperar para poder trabajar el pr\u00f3ximo fin de semana como cualquier persona que cumple la ley\u201d, dijo.<\/p>\n\n\n\n<p class=\"has-medium-font-size\">Por \u00faltimo, asegur\u00f3 que a pesar del desgaste y las trabas, no piensa abandonar el pueblo. \u201cPodr\u00eda llevar mis negocios a una ciudad grande donde acompa\u00f1an al que trabaja, pero no me voy. Este es el lugar que elijo. Ac\u00e1 est\u00e1 mi historia, mi gente y mi ra\u00edz\u201d, expres\u00f3. \u201cMientras mi comunidad me acompa\u00f1e, no me van a quebrar\u201d.<br><br>Adjuntamos el post principal relacionado a esta noticia:<br><a href=\"https:\/\/www.facebook.com\/share\/r\/1BjQyBH3Xb\/\">https:\/\/www.facebook.com\/share\/r\/1BjQyBH3Xb\/<\/a><\/p>\n<div class=\"fb-background-color\">\n\t\t\t  <div \n\t\t\t  \tclass = \"fb-comments\" \n\t\t\t  \tdata-href = \"https:\/\/www.elpolitologoyelpolitico.com.ar\/wordpress\/2025\/11\/19\/una-emprendedora-de-stroeder-denuncio-hostigamiento-solo-quiero-trabajar-en-paz\/\"\n\t\t\t  \tdata-numposts = \"10\"\n\t\t\t  \tdata-lazy = \"true\"\n\t\t\t\tdata-colorscheme = \"light\"\n\t\t\t\tdata-order-by = \"social\"\n\t\t\t\tdata-mobile=true>\n\t\t\t  <\/div><\/div>\n\t\t  <style>\n\t\t    .fb-background-color {\n\t\t\t\tbackground: #ffffff !important;\n\t\t\t}\n\t\t\t.fb_iframe_widget_fluid_desktop iframe {\n\t\t\t    width: 100% !important;\n\t\t\t}\n\t\t  <\/style>\n\t\t  ","protected":false},"excerpt":{"rendered":"<p>La propietaria de un local nocturno de Stroeder manifest\u00f3 p\u00fablicamente su malestar luego de un fin de semana marcado por m\u00faltiples inspecciones municipales y un fuerte cruce con la jefa de la Polic\u00eda Comunal. Seg\u00fan relat\u00f3, mientras atraviesa el cansancio y el impacto emocional de lo ocurrido, destac\u00f3 que encontr\u00f3 un apoyo masivo por parte [&hellip;]<\/p>\n","protected":false},"author":4,"featured_media":43034,"comment_status":"closed","ping_status":"closed","sticky":false,"template":"","format":"standard","meta":{"_joinchat":[],"footnotes":""},"categories":[39],"tags":[],"class_list":["post-43032","post","type-post","status-publish","format-standard","has-post-thumbnail","hentry","category-en-esta-seccion"],"_links":{"self":[{"href":"https:\/\/www.elpolitologoyelpolitico.com.ar\/wordpress\/wp-json\/wp\/v2\/posts\/43032","targetHints":{"allow":["GET"]}}],"collection":[{"href":"https:\/\/www.elpolitologoyelpolitico.com.ar\/wordpress\/wp-json\/wp\/v2\/posts"}],"about":[{"href":"https:\/\/www.elpolitologoyelpolitico.com.ar\/wordpress\/wp-json\/wp\/v2\/types\/post"}],"author":[{"embeddable":true,"href":"https:\/\/www.elpolitologoyelpolitico.com.ar\/wordpress\/wp-json\/wp\/v2\/users\/4"}],"replies":[{"embeddable":true,"href":"https:\/\/www.elpolitologoyelpolitico.com.ar\/wordpress\/wp-json\/wp\/v2\/comments?post=43032"}],"version-history":[{"count":2,"href":"https:\/\/www.elpolitologoyelpolitico.com.ar\/wordpress\/wp-json\/wp\/v2\/posts\/43032\/revisions"}],"predecessor-version":[{"id":43035,"href":"https:\/\/www.elpolitologoyelpolitico.com.ar\/wordpress\/wp-json\/wp\/v2\/posts\/43032\/revisions\/43035"}],"wp:featuredmedia":[{"embeddable":true,"href":"https:\/\/www.elpolitologoyelpolitico.com.ar\/wordpress\/wp-json\/wp\/v2\/media\/43034"}],"wp:attachment":[{"href":"https:\/\/www.elpolitologoyelpolitico.com.ar\/wordpress\/wp-json\/wp\/v2\/media?parent=43032"}],"wp:term":[{"taxonomy":"category","embeddable":true,"href":"https:\/\/www.elpolitologoyelpolitico.com.ar\/wordpress\/wp-json\/wp\/v2\/categories?post=43032"},{"taxonomy":"post_tag","embeddable":true,"href":"https:\/\/www.elpolitologoyelpolitico.com.ar\/wordpress\/wp-json\/wp\/v2\/tags?post=43032"}],"curies":[{"name":"wp","href":"https:\/\/api.w.org\/{rel}","templated":true}]}}