{"id":43028,"date":"2025-11-19T20:12:45","date_gmt":"2025-11-19T23:12:45","guid":{"rendered":"https:\/\/www.elpolitologoyelpolitico.com.ar\/wordpress\/?p=43028"},"modified":"2025-11-19T20:12:46","modified_gmt":"2025-11-19T23:12:46","slug":"caso-perdido-a-pesar-de-la-opinion-de-la-gente-dario-ricca-volvio-de-la-licencia-remunerada","status":"publish","type":"post","link":"https:\/\/www.elpolitologoyelpolitico.com.ar\/wordpress\/2025\/11\/19\/caso-perdido-a-pesar-de-la-opinion-de-la-gente-dario-ricca-volvio-de-la-licencia-remunerada\/","title":{"rendered":"Caso perdido: \u201cA pesar de la opini\u00f3n de la gente, Dar\u00edo Ricca volvi\u00f3 de la licencia remunerada\u201d"},"content":{"rendered":"\n<figure class=\"wp-block-audio\"><audio controls src=\"https:\/\/www.elpolitologoyelpolitico.com.ar\/wp-content\/uploads\/2025\/11\/2025-11-19-Mabel-Firmapaz.mp3\"><\/audio><\/figure>\n\n\n\n<p class=\"has-medium-font-size\">Habl\u00f3 la consejera escolar Mabel Firmapaz, quien confirm\u00f3 que Dar\u00edo Ricca volvi\u00f3 a su cargo en el Consejo Escolar el pasado 31 de octubre, tras haberse tomado una licencia remunerada inmediatamente despu\u00e9s de las elecciones del 7 de septiembre. Su regreso gener\u00f3 sorpresa y malestar en parte de la comunidad, pero el reintegro se concret\u00f3 sin objeciones administrativas.<\/p>\n\n\n\n<p class=\"has-medium-font-size\">Firmapaz detall\u00f3 que el retorno se produjo de manera oficial y que Ricca retom\u00f3 sus actividades dentro del cuerpo. \u201c\u00c9l volvi\u00f3 el 31 de octubre, ese d\u00eda se reintegr\u00f3\u201d, afirm\u00f3. Actualmente ocupa el cargo de vicepresidente del Consejo Escolar.<\/p>\n\n\n\n<p class=\"has-medium-font-size\">Sin embargo, la consejera explic\u00f3 que recientemente se notific\u00f3 una nueva disposici\u00f3n que proh\u00edbe que una persona reelecta contin\u00fae en el mismo cargo durante su segundo mandato. \u201cNo puede seguir siendo vicepresidente. Esa resoluci\u00f3n lleg\u00f3 hace pocos d\u00edas\u201d, indic\u00f3 Firmapaz.<\/p>\n\n\n\n<p class=\"has-medium-font-size\">Respecto al funcionamiento interno, se\u00f1al\u00f3 que la elecci\u00f3n de autoridades del Consejo Escolar se realiza entre los propios consejeros y que el recambio est\u00e1 previsto para el pr\u00f3ximo 10 de diciembre. \u201cSomos dos de la oposici\u00f3n y ellos son cuatro. Generalmente los cargos quedan en l\u00ednea con el intendente\u201d, expres\u00f3.<\/p>\n\n\n\n<p class=\"has-medium-font-size\">La consejera tambi\u00e9n reconoci\u00f3 el descontento social que gener\u00f3 el regreso del funcionario. \u201cLa opini\u00f3n de la gente es clara, pero volvi\u00f3 igual porque as\u00ed lo marca la normativa\u201d, sostuvo Firmapaz, remarcando que el sistema permite que el reintegro se lleve adelante aunque exista resistencia p\u00fablica.<\/p>\n\n\n\n<p class=\"has-medium-font-size\">El caso volvi\u00f3 a instalar el debate sobre la continuidad de Ricca en el Consejo Escolar y gener\u00f3 nuevas cr\u00edticas respecto a los beneficios y licencias que pueden tomar quienes ocupan cargos p\u00fablicos, especialmente en per\u00edodos electorales.<\/p>\n<div class=\"fb-background-color\">\n\t\t\t  <div \n\t\t\t  \tclass = \"fb-comments\" \n\t\t\t  \tdata-href = \"https:\/\/www.elpolitologoyelpolitico.com.ar\/wordpress\/2025\/11\/19\/caso-perdido-a-pesar-de-la-opinion-de-la-gente-dario-ricca-volvio-de-la-licencia-remunerada\/\"\n\t\t\t  \tdata-numposts = \"10\"\n\t\t\t  \tdata-lazy = \"true\"\n\t\t\t\tdata-colorscheme = \"light\"\n\t\t\t\tdata-order-by = \"social\"\n\t\t\t\tdata-mobile=true>\n\t\t\t  <\/div><\/div>\n\t\t  <style>\n\t\t    .fb-background-color {\n\t\t\t\tbackground: #ffffff !important;\n\t\t\t}\n\t\t\t.fb_iframe_widget_fluid_desktop iframe {\n\t\t\t    width: 100% !important;\n\t\t\t}\n\t\t  <\/style>\n\t\t  ","protected":false},"excerpt":{"rendered":"<p>Habl\u00f3 la consejera escolar Mabel Firmapaz, quien confirm\u00f3 que Dar\u00edo Ricca volvi\u00f3 a su cargo en el Consejo Escolar el pasado 31 de octubre, tras haberse tomado una licencia remunerada inmediatamente despu\u00e9s de las elecciones del 7 de septiembre. Su regreso gener\u00f3 sorpresa y malestar en parte de la comunidad, pero el reintegro se concret\u00f3 [&hellip;]<\/p>\n","protected":false},"author":4,"featured_media":42586,"comment_status":"closed","ping_status":"closed","sticky":false,"template":"","format":"standard","meta":{"_joinchat":[],"footnotes":""},"categories":[39],"tags":[],"class_list":["post-43028","post","type-post","status-publish","format-standard","has-post-thumbnail","hentry","category-en-esta-seccion"],"_links":{"self":[{"href":"https:\/\/www.elpolitologoyelpolitico.com.ar\/wordpress\/wp-json\/wp\/v2\/posts\/43028","targetHints":{"allow":["GET"]}}],"collection":[{"href":"https:\/\/www.elpolitologoyelpolitico.com.ar\/wordpress\/wp-json\/wp\/v2\/posts"}],"about":[{"href":"https:\/\/www.elpolitologoyelpolitico.com.ar\/wordpress\/wp-json\/wp\/v2\/types\/post"}],"author":[{"embeddable":true,"href":"https:\/\/www.elpolitologoyelpolitico.com.ar\/wordpress\/wp-json\/wp\/v2\/users\/4"}],"replies":[{"embeddable":true,"href":"https:\/\/www.elpolitologoyelpolitico.com.ar\/wordpress\/wp-json\/wp\/v2\/comments?post=43028"}],"version-history":[{"count":2,"href":"https:\/\/www.elpolitologoyelpolitico.com.ar\/wordpress\/wp-json\/wp\/v2\/posts\/43028\/revisions"}],"predecessor-version":[{"id":43031,"href":"https:\/\/www.elpolitologoyelpolitico.com.ar\/wordpress\/wp-json\/wp\/v2\/posts\/43028\/revisions\/43031"}],"wp:featuredmedia":[{"embeddable":true,"href":"https:\/\/www.elpolitologoyelpolitico.com.ar\/wordpress\/wp-json\/wp\/v2\/media\/42586"}],"wp:attachment":[{"href":"https:\/\/www.elpolitologoyelpolitico.com.ar\/wordpress\/wp-json\/wp\/v2\/media?parent=43028"}],"wp:term":[{"taxonomy":"category","embeddable":true,"href":"https:\/\/www.elpolitologoyelpolitico.com.ar\/wordpress\/wp-json\/wp\/v2\/categories?post=43028"},{"taxonomy":"post_tag","embeddable":true,"href":"https:\/\/www.elpolitologoyelpolitico.com.ar\/wordpress\/wp-json\/wp\/v2\/tags?post=43028"}],"curies":[{"name":"wp","href":"https:\/\/api.w.org\/{rel}","templated":true}]}}