{"id":43023,"date":"2025-11-18T12:28:37","date_gmt":"2025-11-18T15:28:37","guid":{"rendered":"https:\/\/www.elpolitologoyelpolitico.com.ar\/wordpress\/?p=43023"},"modified":"2025-11-18T12:28:39","modified_gmt":"2025-11-18T15:28:39","slug":"orgullo-rionegrino-bailarinas-de-viedma-tuvieron-una-destacada-participacion-en-competencia-nacional","status":"publish","type":"post","link":"https:\/\/www.elpolitologoyelpolitico.com.ar\/wordpress\/2025\/11\/18\/orgullo-rionegrino-bailarinas-de-viedma-tuvieron-una-destacada-participacion-en-competencia-nacional\/","title":{"rendered":"\u00a1Orgullo Rionegrino! Bailarinas de Viedma tuvieron una destacada participaci\u00f3n en competencia Nacional"},"content":{"rendered":"\n<figure class=\"wp-block-audio\"><audio controls src=\"https:\/\/www.elpolitologoyelpolitico.com.ar\/wp-content\/uploads\/2025\/11\/2025-11-18-Viviana-Amado.mp3\"><\/audio><\/figure>\n\n\n\n<p class=\"has-medium-font-size\">Un grupo de bailarinas rionegrinas, oriundas de Viedma, logr\u00f3 un desempe\u00f1o sobresaliente en una reciente competencia nacional celebrada en C\u00f3rdoba. Las mujeres, que representan a toda la provincia en competencias nacionales , alcanzaron la final del certamen.<\/p>\n\n\n\n<p class=\"has-medium-font-size\">Viviana Amado, referente de este grupo de mujeres , confirm\u00f3 que el equipo qued\u00f3 en un cuarto lugar en la final. Previamente, hab\u00edan participado en una competencia en Tigre (Buenos Aires) a principios de a\u00f1o , donde obtuvieron varios puestos en el primer lugar con un resultado \u00abmuy, pero muy positivo\u00bb.<\/p>\n\n\n\n<p class=\"has-medium-font-size\">La competencia en C\u00f3rdoba ofrec\u00eda la posibilidad de un pase a Nueva York , un objetivo que, seg\u00fan Amado, era lo que m\u00e1s les interesaba. Si bien llegaron a la final , no pudieron lograr el objetivo principal del viaje a Estados Unidos.<\/p>\n\n\n\n<p class=\"has-medium-font-size\">En las categor\u00edas solistas, Morena Chazarreta, Andrea N\u00fa\u00f1ez, y Roc\u00edo Ponce bailaron con mucho esfuerzo, pero tampoco lograron el viaje a Nueva York. Viviana Amado coment\u00f3 que las elegidas para el viaje fueron bailarinas de danza contempor\u00e1nea y danzas cl\u00e1sicas. A pesar de no conseguir el pase, la experiencia les servir\u00e1 para prepararse para el pr\u00f3ximo a\u00f1o.<\/p>\n\n\n\n<p class=\"has-medium-font-size\">El esfuerzo y los logros del grupo ser\u00e1n reconocidos con una declaraci\u00f3n en el Consejo Deliberante de Viedma. La concejal Ivi Franco present\u00f3 la iniciativa , que les otorgar\u00e1 un reconocimiento a nivel cultural por representar a la provincia tanto en Buenos Aires (Tigre) como en C\u00f3rdoba. Este reconocimiento fue recibido con gran emoci\u00f3n por el grupo, que lleva a\u00f1os compitiendo con \u00abesfuerzo y logros\u00bb.<\/p>\n\n\n\n<p class=\"has-medium-font-size\">Viviana Amado tambi\u00e9n expres\u00f3 su agradecimiento al gobierno provincial por el apoyo recibido para el viaje.<\/p>\n\n\n\n<p class=\"has-medium-font-size\">Adem\u00e1s del apoyo institucional, el grupo solvent\u00f3 la estad\u00eda en el complejo de Villa Carlos Paz, al cual describieron como \u00abel para\u00edso\u00bb , mediante fondos que juntaron \u00aba pulm\u00f3n\u00bb y una cuota en com\u00fan. El grupo de bailarinas, que entrena en Viedma para mejorar su participaci\u00f3n , es un ejemplo de esfuerzo y dedicaci\u00f3n , logrando representar a su provincia en el \u00e1mbito nacional.<\/p>\n\n\n\n<p class=\"has-medium-font-size\"><br><\/p>\n<div class=\"fb-background-color\">\n\t\t\t  <div \n\t\t\t  \tclass = \"fb-comments\" \n\t\t\t  \tdata-href = \"https:\/\/www.elpolitologoyelpolitico.com.ar\/wordpress\/2025\/11\/18\/orgullo-rionegrino-bailarinas-de-viedma-tuvieron-una-destacada-participacion-en-competencia-nacional\/\"\n\t\t\t  \tdata-numposts = \"10\"\n\t\t\t  \tdata-lazy = \"true\"\n\t\t\t\tdata-colorscheme = \"light\"\n\t\t\t\tdata-order-by = \"social\"\n\t\t\t\tdata-mobile=true>\n\t\t\t  <\/div><\/div>\n\t\t  <style>\n\t\t    .fb-background-color {\n\t\t\t\tbackground: #ffffff !important;\n\t\t\t}\n\t\t\t.fb_iframe_widget_fluid_desktop iframe {\n\t\t\t    width: 100% !important;\n\t\t\t}\n\t\t  <\/style>\n\t\t  ","protected":false},"excerpt":{"rendered":"<p>Un grupo de bailarinas rionegrinas, oriundas de Viedma, logr\u00f3 un desempe\u00f1o sobresaliente en una reciente competencia nacional celebrada en C\u00f3rdoba. Las mujeres, que representan a toda la provincia en competencias nacionales , alcanzaron la final del certamen. Viviana Amado, referente de este grupo de mujeres , confirm\u00f3 que el equipo qued\u00f3 en un cuarto lugar [&hellip;]<\/p>\n","protected":false},"author":4,"featured_media":43027,"comment_status":"closed","ping_status":"closed","sticky":false,"template":"","format":"standard","meta":{"_joinchat":[],"footnotes":""},"categories":[39],"tags":[],"class_list":["post-43023","post","type-post","status-publish","format-standard","has-post-thumbnail","hentry","category-en-esta-seccion"],"_links":{"self":[{"href":"https:\/\/www.elpolitologoyelpolitico.com.ar\/wordpress\/wp-json\/wp\/v2\/posts\/43023","targetHints":{"allow":["GET"]}}],"collection":[{"href":"https:\/\/www.elpolitologoyelpolitico.com.ar\/wordpress\/wp-json\/wp\/v2\/posts"}],"about":[{"href":"https:\/\/www.elpolitologoyelpolitico.com.ar\/wordpress\/wp-json\/wp\/v2\/types\/post"}],"author":[{"embeddable":true,"href":"https:\/\/www.elpolitologoyelpolitico.com.ar\/wordpress\/wp-json\/wp\/v2\/users\/4"}],"replies":[{"embeddable":true,"href":"https:\/\/www.elpolitologoyelpolitico.com.ar\/wordpress\/wp-json\/wp\/v2\/comments?post=43023"}],"version-history":[{"count":2,"href":"https:\/\/www.elpolitologoyelpolitico.com.ar\/wordpress\/wp-json\/wp\/v2\/posts\/43023\/revisions"}],"predecessor-version":[{"id":43026,"href":"https:\/\/www.elpolitologoyelpolitico.com.ar\/wordpress\/wp-json\/wp\/v2\/posts\/43023\/revisions\/43026"}],"wp:featuredmedia":[{"embeddable":true,"href":"https:\/\/www.elpolitologoyelpolitico.com.ar\/wordpress\/wp-json\/wp\/v2\/media\/43027"}],"wp:attachment":[{"href":"https:\/\/www.elpolitologoyelpolitico.com.ar\/wordpress\/wp-json\/wp\/v2\/media?parent=43023"}],"wp:term":[{"taxonomy":"category","embeddable":true,"href":"https:\/\/www.elpolitologoyelpolitico.com.ar\/wordpress\/wp-json\/wp\/v2\/categories?post=43023"},{"taxonomy":"post_tag","embeddable":true,"href":"https:\/\/www.elpolitologoyelpolitico.com.ar\/wordpress\/wp-json\/wp\/v2\/tags?post=43023"}],"curies":[{"name":"wp","href":"https:\/\/api.w.org\/{rel}","templated":true}]}}