{"id":43019,"date":"2025-11-17T22:59:49","date_gmt":"2025-11-18T01:59:49","guid":{"rendered":"https:\/\/www.elpolitologoyelpolitico.com.ar\/wordpress\/?p=43019"},"modified":"2025-11-17T22:59:50","modified_gmt":"2025-11-18T01:59:50","slug":"flor-de-la-v-llega-a-viedma-por-la-marcha-del-orgullo-lgbtiq-cuanto-dinero-se-gasta-y-quienes-acompanan","status":"publish","type":"post","link":"https:\/\/www.elpolitologoyelpolitico.com.ar\/wordpress\/2025\/11\/17\/flor-de-la-v-llega-a-viedma-por-la-marcha-del-orgullo-lgbtiq-cuanto-dinero-se-gasta-y-quienes-acompanan\/","title":{"rendered":"Flor de la V llega a Viedma por la marcha del orgullo LGBTIQ: cuanto dinero se gasta y quienes acompa\u00f1an"},"content":{"rendered":"\n<p class=\"has-medium-font-size\">El pr\u00f3ximo s\u00e1bado 22 se realizar\u00e1 en Viedma la 10ma Marcha del Orgullo de colectivo LGBTIQ+ que tendr\u00e1 como condimento especial la animaci\u00f3n de la actriz y conductora transexual Flor de la V, adem\u00e1s de un show central a cargo de la popular banda Sudor Marika, la banda de cumbia que trascendi\u00f3 por sus actuaciones en actos del gobierno kirchnerista.<\/p>\n\n\n\n<p class=\"has-medium-font-size\">Con el fin de destacar esa jornada, los legisladores del bloque oficialista de Juntos Somos R\u00edo Negro Mar\u00eda C\u00e9voli, Andrea Escudero, Marcelo Szczygol y Facundo L\u00f3pez (presidente), presentaron un proyecto para declarar de \u201cinter\u00e9s educativo, humanitario, social y comunitario\u201d al encuentro que apunta a reconocer \u201cla lucha, visibilidad y orgullo del colectivo LGBTIQ+ local\u201d.<\/p>\n\n\n\n<p class=\"has-medium-font-size\">Cabe destacar que son varias las problem\u00e1ticas que existen en Viedma y en la Provincia de R\u00edo Negro, pero para estas actividades si hay dinero.<\/p>\n<div class=\"fb-background-color\">\n\t\t\t  <div \n\t\t\t  \tclass = \"fb-comments\" \n\t\t\t  \tdata-href = \"https:\/\/www.elpolitologoyelpolitico.com.ar\/wordpress\/2025\/11\/17\/flor-de-la-v-llega-a-viedma-por-la-marcha-del-orgullo-lgbtiq-cuanto-dinero-se-gasta-y-quienes-acompanan\/\"\n\t\t\t  \tdata-numposts = \"10\"\n\t\t\t  \tdata-lazy = \"true\"\n\t\t\t\tdata-colorscheme = \"light\"\n\t\t\t\tdata-order-by = \"social\"\n\t\t\t\tdata-mobile=true>\n\t\t\t  <\/div><\/div>\n\t\t  <style>\n\t\t    .fb-background-color {\n\t\t\t\tbackground: #ffffff !important;\n\t\t\t}\n\t\t\t.fb_iframe_widget_fluid_desktop iframe {\n\t\t\t    width: 100% !important;\n\t\t\t}\n\t\t  <\/style>\n\t\t  ","protected":false},"excerpt":{"rendered":"<p>El pr\u00f3ximo s\u00e1bado 22 se realizar\u00e1 en Viedma la 10ma Marcha del Orgullo de colectivo LGBTIQ+ que tendr\u00e1 como condimento especial la animaci\u00f3n de la actriz y conductora transexual Flor de la V, adem\u00e1s de un show central a cargo de la popular banda Sudor Marika, la banda de cumbia que trascendi\u00f3 por sus actuaciones [&hellip;]<\/p>\n","protected":false},"author":4,"featured_media":43020,"comment_status":"closed","ping_status":"closed","sticky":false,"template":"","format":"standard","meta":{"_joinchat":[],"footnotes":""},"categories":[39],"tags":[],"class_list":["post-43019","post","type-post","status-publish","format-standard","has-post-thumbnail","hentry","category-en-esta-seccion"],"_links":{"self":[{"href":"https:\/\/www.elpolitologoyelpolitico.com.ar\/wordpress\/wp-json\/wp\/v2\/posts\/43019","targetHints":{"allow":["GET"]}}],"collection":[{"href":"https:\/\/www.elpolitologoyelpolitico.com.ar\/wordpress\/wp-json\/wp\/v2\/posts"}],"about":[{"href":"https:\/\/www.elpolitologoyelpolitico.com.ar\/wordpress\/wp-json\/wp\/v2\/types\/post"}],"author":[{"embeddable":true,"href":"https:\/\/www.elpolitologoyelpolitico.com.ar\/wordpress\/wp-json\/wp\/v2\/users\/4"}],"replies":[{"embeddable":true,"href":"https:\/\/www.elpolitologoyelpolitico.com.ar\/wordpress\/wp-json\/wp\/v2\/comments?post=43019"}],"version-history":[{"count":2,"href":"https:\/\/www.elpolitologoyelpolitico.com.ar\/wordpress\/wp-json\/wp\/v2\/posts\/43019\/revisions"}],"predecessor-version":[{"id":43022,"href":"https:\/\/www.elpolitologoyelpolitico.com.ar\/wordpress\/wp-json\/wp\/v2\/posts\/43019\/revisions\/43022"}],"wp:featuredmedia":[{"embeddable":true,"href":"https:\/\/www.elpolitologoyelpolitico.com.ar\/wordpress\/wp-json\/wp\/v2\/media\/43020"}],"wp:attachment":[{"href":"https:\/\/www.elpolitologoyelpolitico.com.ar\/wordpress\/wp-json\/wp\/v2\/media?parent=43019"}],"wp:term":[{"taxonomy":"category","embeddable":true,"href":"https:\/\/www.elpolitologoyelpolitico.com.ar\/wordpress\/wp-json\/wp\/v2\/categories?post=43019"},{"taxonomy":"post_tag","embeddable":true,"href":"https:\/\/www.elpolitologoyelpolitico.com.ar\/wordpress\/wp-json\/wp\/v2\/tags?post=43019"}],"curies":[{"name":"wp","href":"https:\/\/api.w.org\/{rel}","templated":true}]}}