{"id":43016,"date":"2025-11-17T22:51:08","date_gmt":"2025-11-18T01:51:08","guid":{"rendered":"https:\/\/www.elpolitologoyelpolitico.com.ar\/wordpress\/?p=43016"},"modified":"2025-11-17T22:51:08","modified_gmt":"2025-11-18T01:51:08","slug":"urgente-solicitan-dadores-de-sangre-para-un-paciente-internado-en-el-sanatorio-austral","status":"publish","type":"post","link":"https:\/\/www.elpolitologoyelpolitico.com.ar\/wordpress\/2025\/11\/17\/urgente-solicitan-dadores-de-sangre-para-un-paciente-internado-en-el-sanatorio-austral\/","title":{"rendered":"Urgente: Solicitan dadores de sangre para un paciente internado en el Sanatorio Austral"},"content":{"rendered":"\n<p class=\"has-medium-font-size\">Desde el Servicio de Medicina Transfusional de Viedma se solicita, con car\u00e1cter urgente, la colaboraci\u00f3n de la comunidad para reunir dadores de sangre grupo 0 negativo (0-) destinados al paciente Antonio Schiebert, actualmente internado en el Sanatorio Austral.<\/p>\n\n\n\n<p class=\"has-medium-font-size\">Seg\u00fan la orden emitida por el equipo de Hematolog\u00eda, se necesitan 2 donantes que cumplan con los siguientes requisitos:<\/p>\n\n\n\n<p class=\"has-medium-font-size\">Tener entre 17 y 65 a\u00f1os<\/p>\n\n\n\n<p class=\"has-medium-font-size\">Pesar m\u00e1s de 50 kg<\/p>\n\n\n\n<p class=\"has-medium-font-size\">No padecer ni haber padecido enfermedades transmisibles por sangre (Hepatitis, HIV, Chagas, etc.)<\/p>\n\n\n\n<p class=\"has-medium-font-size\">No haberse realizado en el \u00faltimo a\u00f1o cirug\u00edas, tatuajes, perforaciones o partos<\/p>\n\n\n\n<p class=\"has-medium-font-size\">No haberse realizado colonoscop\u00edas o endoscop\u00edas en los \u00faltimos 6 meses<\/p>\n\n\n\n<p class=\"has-medium-font-size\">No estar bajo tratamiento m\u00e9dico con medicaci\u00f3n diaria (excepto levotiroxina)<\/p>\n\n\n\n<p class=\"has-medium-font-size\">No ser al\u00e9rgico a medicaci\u00f3n<\/p>\n\n\n\n<p class=\"has-medium-font-size\">Haber pasado al menos 4 meses desde la \u00faltima donaci\u00f3n<\/p>\n\n\n\n<p class=\"has-medium-font-size\">Acudir sin ni\u00f1os menores<\/p>\n\n\n\n<p class=\"has-medium-font-size\">Los donantes deben presentarse de 8 a 10 horas en el Servicio de Medicina Transfusional, ubicado en Gallardo 170 \u2013 Viedma.<\/p>\n\n\n\n<p class=\"has-medium-font-size\">Se recomienda desayunar antes de asistir, evitando l\u00e1cteos y comidas grasas.<\/p>\n\n\n\n<p class=\"has-medium-font-size\">La familia agradece profundamente a quienes puedan colaborar y ayudarlos en este momento tan delicado. Cada donaci\u00f3n es fundamental y puede marcar la diferencia.<\/p>\n<div class=\"fb-background-color\">\n\t\t\t  <div \n\t\t\t  \tclass = \"fb-comments\" \n\t\t\t  \tdata-href = \"https:\/\/www.elpolitologoyelpolitico.com.ar\/wordpress\/2025\/11\/17\/urgente-solicitan-dadores-de-sangre-para-un-paciente-internado-en-el-sanatorio-austral\/\"\n\t\t\t  \tdata-numposts = \"10\"\n\t\t\t  \tdata-lazy = \"true\"\n\t\t\t\tdata-colorscheme = \"light\"\n\t\t\t\tdata-order-by = \"social\"\n\t\t\t\tdata-mobile=true>\n\t\t\t  <\/div><\/div>\n\t\t  <style>\n\t\t    .fb-background-color {\n\t\t\t\tbackground: #ffffff !important;\n\t\t\t}\n\t\t\t.fb_iframe_widget_fluid_desktop iframe {\n\t\t\t    width: 100% !important;\n\t\t\t}\n\t\t  <\/style>\n\t\t  ","protected":false},"excerpt":{"rendered":"<p>Desde el Servicio de Medicina Transfusional de Viedma se solicita, con car\u00e1cter urgente, la colaboraci\u00f3n de la comunidad para reunir dadores de sangre grupo 0 negativo (0-) destinados al paciente Antonio Schiebert, actualmente internado en el Sanatorio Austral. Seg\u00fan la orden emitida por el equipo de Hematolog\u00eda, se necesitan 2 donantes que cumplan con los [&hellip;]<\/p>\n","protected":false},"author":4,"featured_media":43017,"comment_status":"closed","ping_status":"closed","sticky":false,"template":"","format":"standard","meta":{"_joinchat":[],"footnotes":""},"categories":[39],"tags":[],"class_list":["post-43016","post","type-post","status-publish","format-standard","has-post-thumbnail","hentry","category-en-esta-seccion"],"_links":{"self":[{"href":"https:\/\/www.elpolitologoyelpolitico.com.ar\/wordpress\/wp-json\/wp\/v2\/posts\/43016","targetHints":{"allow":["GET"]}}],"collection":[{"href":"https:\/\/www.elpolitologoyelpolitico.com.ar\/wordpress\/wp-json\/wp\/v2\/posts"}],"about":[{"href":"https:\/\/www.elpolitologoyelpolitico.com.ar\/wordpress\/wp-json\/wp\/v2\/types\/post"}],"author":[{"embeddable":true,"href":"https:\/\/www.elpolitologoyelpolitico.com.ar\/wordpress\/wp-json\/wp\/v2\/users\/4"}],"replies":[{"embeddable":true,"href":"https:\/\/www.elpolitologoyelpolitico.com.ar\/wordpress\/wp-json\/wp\/v2\/comments?post=43016"}],"version-history":[{"count":1,"href":"https:\/\/www.elpolitologoyelpolitico.com.ar\/wordpress\/wp-json\/wp\/v2\/posts\/43016\/revisions"}],"predecessor-version":[{"id":43018,"href":"https:\/\/www.elpolitologoyelpolitico.com.ar\/wordpress\/wp-json\/wp\/v2\/posts\/43016\/revisions\/43018"}],"wp:featuredmedia":[{"embeddable":true,"href":"https:\/\/www.elpolitologoyelpolitico.com.ar\/wordpress\/wp-json\/wp\/v2\/media\/43017"}],"wp:attachment":[{"href":"https:\/\/www.elpolitologoyelpolitico.com.ar\/wordpress\/wp-json\/wp\/v2\/media?parent=43016"}],"wp:term":[{"taxonomy":"category","embeddable":true,"href":"https:\/\/www.elpolitologoyelpolitico.com.ar\/wordpress\/wp-json\/wp\/v2\/categories?post=43016"},{"taxonomy":"post_tag","embeddable":true,"href":"https:\/\/www.elpolitologoyelpolitico.com.ar\/wordpress\/wp-json\/wp\/v2\/tags?post=43016"}],"curies":[{"name":"wp","href":"https:\/\/api.w.org\/{rel}","templated":true}]}}