{"id":43001,"date":"2025-11-17T20:44:02","date_gmt":"2025-11-17T23:44:02","guid":{"rendered":"https:\/\/www.elpolitologoyelpolitico.com.ar\/wordpress\/?p=43001"},"modified":"2025-11-17T20:44:03","modified_gmt":"2025-11-17T23:44:03","slug":"hernan-stuchi-queremos-construir-una-juventud-que-deje-de-pedir-permiso-y-empiece-a-marcar-agenda","status":"publish","type":"post","link":"https:\/\/www.elpolitologoyelpolitico.com.ar\/wordpress\/2025\/11\/17\/hernan-stuchi-queremos-construir-una-juventud-que-deje-de-pedir-permiso-y-empiece-a-marcar-agenda\/","title":{"rendered":"Hern\u00e1n Stuchi: \u201cQueremos construir una juventud que deje de pedir permiso y empiece a marcar agenda\u201d"},"content":{"rendered":"\n<figure class=\"wp-block-audio\"><audio controls src=\"https:\/\/www.elpolitologoyelpolitico.com.ar\/wp-content\/uploads\/2025\/11\/2025-11-17-Hernan-Stuchi.mp3\"><\/audio><\/figure>\n\n\n\n<p class=\"has-medium-font-size\">Durante la ma\u00f1ana dialogamos con Hern\u00e1n Stuchi, referente de la agrupaci\u00f3n Pibes Libertarios, quien brind\u00f3 un panorama detallado sobre el origen, evoluci\u00f3n y presente del espacio juvenil libertario que se expande en distintos puntos del pa\u00eds.<\/p>\n\n\n\n<p class=\"has-medium-font-size\">Stuchi comenz\u00f3 recordando c\u00f3mo surgi\u00f3 el movimiento, all\u00e1 por 2019, antes de la pandemia y de la aparici\u00f3n del mile\u00edsmo en la escena nacional. Cont\u00f3 que el nombre del espacio no es casual: se eligi\u00f3 \u201cPibes Libertarios\u201d para remarcar que se trata de un movimiento nacido desde la juventud, integrado por chicos y chicas que decidieron involucrarse en la defensa de las ideas de la libertad. \u201cLa agrupaci\u00f3n nace como un movimiento orientado a la batalla cultural. Ve\u00edamos que la pol\u00edtica libertaria estaba enfocada \u00fanicamente en lo electoral, pero sin un respaldo social real. Sin cultura no hay votos, y sin votos no hay cambios\u201d, explic\u00f3.<\/p>\n\n\n\n<p class=\"has-medium-font-size\">Detall\u00f3 que en aquel momento el liberalismo empezaba a ganar adhesi\u00f3n en redes y medios, y que muchos j\u00f3venes buscaban formas de participar para contrarrestar \u201cuna estructura tan organizada como el kirchnerismo\u201d. Fue en ese contexto donde Pibes Libertarios apareci\u00f3 como un espacio de participaci\u00f3n juvenil aut\u00e9ntica, sin estructuras tradicionales ni compromisos partidarios.<\/p>\n\n\n\n<p class=\"has-medium-font-size\">Respecto al simbolismo del movimiento, Stuchi repas\u00f3 la evoluci\u00f3n del logo y su relaci\u00f3n con los colores y elementos hist\u00f3ricos del anarcocapitalismo. \u201cArrancamos con la serpiente libertaria, s\u00edmbolo de resistencia contra el colonialismo y de rechazo a la tiran\u00eda. Con el tiempo nos modernizamos, pero la ra\u00edz simb\u00f3lica se mantiene\u201d.<\/p>\n\n\n\n<figure class=\"wp-block-image size-full\"><img fetchpriority=\"high\" decoding=\"async\" width=\"827\" height=\"827\" src=\"https:\/\/www.elpolitologoyelpolitico.com.ar\/wp-content\/uploads\/2025\/11\/WhatsApp-Image-2025-11-17-at-19.48.12.jpeg\" alt=\"\" class=\"wp-image-43006\" srcset=\"https:\/\/www.elpolitologoyelpolitico.com.ar\/wp-content\/uploads\/2025\/11\/WhatsApp-Image-2025-11-17-at-19.48.12.jpeg 827w, https:\/\/www.elpolitologoyelpolitico.com.ar\/wp-content\/uploads\/2025\/11\/WhatsApp-Image-2025-11-17-at-19.48.12-300x300.jpeg 300w, https:\/\/www.elpolitologoyelpolitico.com.ar\/wp-content\/uploads\/2025\/11\/WhatsApp-Image-2025-11-17-at-19.48.12-150x150.jpeg 150w, https:\/\/www.elpolitologoyelpolitico.com.ar\/wp-content\/uploads\/2025\/11\/WhatsApp-Image-2025-11-17-at-19.48.12-768x768.jpeg 768w\" sizes=\"(max-width: 827px) 100vw, 827px\" \/><\/figure>\n\n\n\n<p class=\"has-medium-font-size\">En cuanto a la presencia territorial, Stuchi destac\u00f3 que han logrado instalarse en varias provincias y que actualmente tienen c\u00e9lulas activas en Capital Federal, Santa Cruz y Salta, adem\u00e1s de equipos en reorganizaci\u00f3n en otras jurisdicciones. Uno de los cap\u00edtulos m\u00e1s llamativos es el de R\u00edo Negro, donde, seg\u00fan relat\u00f3, el grupo tuvo un rol activo durante los conflictos en Villa Mascardi. \u201cLos chicos se plantaron frente a grupos que actuaban con aval del gobierno nacional. Pibes de 17 o 18 a\u00f1os defendiendo la propiedad privada cuando muchos adultos miraban para otro lado\u201d.<\/p>\n\n\n\n<p class=\"has-medium-font-size\">Hoy ese espacio rionegrino atraviesa una nueva etapa de reordenamiento, con j\u00f3venes que retoman la organizaci\u00f3n territorial y digital. \u201cComo 2026 no es un a\u00f1o electoral, podemos enfocarnos plenamente en lo que nos gusta: la batalla cultural, lo educativo y lo simb\u00f3lico\u201d.<\/p>\n\n\n\n<p class=\"has-medium-font-size\">Al ser consultado sobre el rol del movimiento dentro del universo libertario, Stuchi afirm\u00f3 que Pibes Libertarios \u201cmantiene viva la ra\u00edz original\u201d de la corriente que hoy encabeza Javier Milei. \u201cSomos previos al mile\u00edsmo, y eso nos permite resguardar la defensa pura de la libertad, del m\u00e9rito y del esfuerzo individual sin maquillaje\u201d.<\/p>\n\n\n\n<figure class=\"wp-block-image size-large\"><img decoding=\"async\" width=\"1024\" height=\"1024\" src=\"https:\/\/www.elpolitologoyelpolitico.com.ar\/wp-content\/uploads\/2025\/11\/WhatsApp-Image-2025-11-17-at-16.27.30-1024x1024.jpeg\" alt=\"\" class=\"wp-image-43007\" srcset=\"https:\/\/www.elpolitologoyelpolitico.com.ar\/wp-content\/uploads\/2025\/11\/WhatsApp-Image-2025-11-17-at-16.27.30-1024x1024.jpeg 1024w, https:\/\/www.elpolitologoyelpolitico.com.ar\/wp-content\/uploads\/2025\/11\/WhatsApp-Image-2025-11-17-at-16.27.30-300x300.jpeg 300w, https:\/\/www.elpolitologoyelpolitico.com.ar\/wp-content\/uploads\/2025\/11\/WhatsApp-Image-2025-11-17-at-16.27.30-150x150.jpeg 150w, https:\/\/www.elpolitologoyelpolitico.com.ar\/wp-content\/uploads\/2025\/11\/WhatsApp-Image-2025-11-17-at-16.27.30-768x768.jpeg 768w, https:\/\/www.elpolitologoyelpolitico.com.ar\/wp-content\/uploads\/2025\/11\/WhatsApp-Image-2025-11-17-at-16.27.30.jpeg 1080w\" sizes=\"(max-width: 1024px) 100vw, 1024px\" \/><\/figure>\n\n\n\n<p class=\"has-medium-font-size\">Hacia el final, subray\u00f3 por qu\u00e9 m\u00e1s j\u00f3venes deber\u00edan sumarse en R\u00edo Negro: \u201cEste es un espacio de protagonismo real. Ac\u00e1 no ven\u00eds a repartir panfletos detr\u00e1s de un candidato local. Ven\u00eds a proponer, a crear contenido, a organizar charlas, a marcar agenda. Si ten\u00e9s ideas y convicci\u00f3n, este es el lugar para transformar tu provincia desde ahora y no dentro de diez a\u00f1os\u201d.<\/p>\n\n\n\n<p class=\"has-medium-font-size\">Antes de despedirse, dej\u00f3 un mensaje dirigido a la juventud: \u201cEn un pa\u00eds donde muchos se rindieron, nosotros elegimos encender la chispa de la rebeld\u00eda. Cuando una juventud se organiza, no hay estructura vieja que pueda frenarla\u201d.<\/p>\n\n\n\n<p class=\"has-medium-font-size\">Una entrevista que deja en claro el peso creciente de los j\u00f3venes en la discusi\u00f3n pol\u00edtica actual y el rol que espacios como Pibes Libertarios buscan ocupar en esa transformaci\u00f3n.<\/p>\n\n\n\n<figure class=\"wp-block-image size-large\"><img decoding=\"async\" width=\"1024\" height=\"1024\" src=\"https:\/\/www.elpolitologoyelpolitico.com.ar\/wp-content\/uploads\/2025\/11\/WhatsApp-Image-2025-11-17-at-16.27.31-1024x1024.jpeg\" alt=\"\" class=\"wp-image-43008\" srcset=\"https:\/\/www.elpolitologoyelpolitico.com.ar\/wp-content\/uploads\/2025\/11\/WhatsApp-Image-2025-11-17-at-16.27.31-1024x1024.jpeg 1024w, https:\/\/www.elpolitologoyelpolitico.com.ar\/wp-content\/uploads\/2025\/11\/WhatsApp-Image-2025-11-17-at-16.27.31-300x300.jpeg 300w, https:\/\/www.elpolitologoyelpolitico.com.ar\/wp-content\/uploads\/2025\/11\/WhatsApp-Image-2025-11-17-at-16.27.31-150x150.jpeg 150w, https:\/\/www.elpolitologoyelpolitico.com.ar\/wp-content\/uploads\/2025\/11\/WhatsApp-Image-2025-11-17-at-16.27.31-768x768.jpeg 768w, https:\/\/www.elpolitologoyelpolitico.com.ar\/wp-content\/uploads\/2025\/11\/WhatsApp-Image-2025-11-17-at-16.27.31.jpeg 1080w\" sizes=\"(max-width: 1024px) 100vw, 1024px\" \/><\/figure>\n<div class=\"fb-background-color\">\n\t\t\t  <div \n\t\t\t  \tclass = \"fb-comments\" \n\t\t\t  \tdata-href = \"https:\/\/www.elpolitologoyelpolitico.com.ar\/wordpress\/2025\/11\/17\/hernan-stuchi-queremos-construir-una-juventud-que-deje-de-pedir-permiso-y-empiece-a-marcar-agenda\/\"\n\t\t\t  \tdata-numposts = \"10\"\n\t\t\t  \tdata-lazy = \"true\"\n\t\t\t\tdata-colorscheme = \"light\"\n\t\t\t\tdata-order-by = \"social\"\n\t\t\t\tdata-mobile=true>\n\t\t\t  <\/div><\/div>\n\t\t  <style>\n\t\t    .fb-background-color {\n\t\t\t\tbackground: #ffffff !important;\n\t\t\t}\n\t\t\t.fb_iframe_widget_fluid_desktop iframe {\n\t\t\t    width: 100% !important;\n\t\t\t}\n\t\t  <\/style>\n\t\t  ","protected":false},"excerpt":{"rendered":"<p>Durante la ma\u00f1ana dialogamos con Hern\u00e1n Stuchi, referente de la agrupaci\u00f3n Pibes Libertarios, quien brind\u00f3 un panorama detallado sobre el origen, evoluci\u00f3n y presente del espacio juvenil libertario que se expande en distintos puntos del pa\u00eds. Stuchi comenz\u00f3 recordando c\u00f3mo surgi\u00f3 el movimiento, all\u00e1 por 2019, antes de la pandemia y de la aparici\u00f3n del [&hellip;]<\/p>\n","protected":false},"author":4,"featured_media":43003,"comment_status":"closed","ping_status":"closed","sticky":false,"template":"","format":"standard","meta":{"_joinchat":[],"footnotes":""},"categories":[39],"tags":[],"class_list":["post-43001","post","type-post","status-publish","format-standard","has-post-thumbnail","hentry","category-en-esta-seccion"],"_links":{"self":[{"href":"https:\/\/www.elpolitologoyelpolitico.com.ar\/wordpress\/wp-json\/wp\/v2\/posts\/43001","targetHints":{"allow":["GET"]}}],"collection":[{"href":"https:\/\/www.elpolitologoyelpolitico.com.ar\/wordpress\/wp-json\/wp\/v2\/posts"}],"about":[{"href":"https:\/\/www.elpolitologoyelpolitico.com.ar\/wordpress\/wp-json\/wp\/v2\/types\/post"}],"author":[{"embeddable":true,"href":"https:\/\/www.elpolitologoyelpolitico.com.ar\/wordpress\/wp-json\/wp\/v2\/users\/4"}],"replies":[{"embeddable":true,"href":"https:\/\/www.elpolitologoyelpolitico.com.ar\/wordpress\/wp-json\/wp\/v2\/comments?post=43001"}],"version-history":[{"count":3,"href":"https:\/\/www.elpolitologoyelpolitico.com.ar\/wordpress\/wp-json\/wp\/v2\/posts\/43001\/revisions"}],"predecessor-version":[{"id":43009,"href":"https:\/\/www.elpolitologoyelpolitico.com.ar\/wordpress\/wp-json\/wp\/v2\/posts\/43001\/revisions\/43009"}],"wp:featuredmedia":[{"embeddable":true,"href":"https:\/\/www.elpolitologoyelpolitico.com.ar\/wordpress\/wp-json\/wp\/v2\/media\/43003"}],"wp:attachment":[{"href":"https:\/\/www.elpolitologoyelpolitico.com.ar\/wordpress\/wp-json\/wp\/v2\/media?parent=43001"}],"wp:term":[{"taxonomy":"category","embeddable":true,"href":"https:\/\/www.elpolitologoyelpolitico.com.ar\/wordpress\/wp-json\/wp\/v2\/categories?post=43001"},{"taxonomy":"post_tag","embeddable":true,"href":"https:\/\/www.elpolitologoyelpolitico.com.ar\/wordpress\/wp-json\/wp\/v2\/tags?post=43001"}],"curies":[{"name":"wp","href":"https:\/\/api.w.org\/{rel}","templated":true}]}}