{"id":42978,"date":"2025-11-15T17:40:25","date_gmt":"2025-11-15T20:40:25","guid":{"rendered":"https:\/\/www.elpolitologoyelpolitico.com.ar\/wordpress\/?p=42978"},"modified":"2025-11-15T17:41:15","modified_gmt":"2025-11-15T20:41:15","slug":"claudio-espinosa-la-obra-de-la-sede-avanza-lento-no-tenemos-acompanamiento-de-las-instituciones","status":"publish","type":"post","link":"https:\/\/www.elpolitologoyelpolitico.com.ar\/wordpress\/2025\/11\/15\/claudio-espinosa-la-obra-de-la-sede-avanza-lento-no-tenemos-acompanamiento-de-las-instituciones\/","title":{"rendered":"Claudio Espinosa \u2013 La obra de la sede avanza lento: \u201cNo tenemos acompa\u00f1amiento de las instituciones\u201d"},"content":{"rendered":"\n<figure class=\"wp-block-audio\"><audio controls src=\"https:\/\/www.elpolitologoyelpolitico.com.ar\/wp-content\/uploads\/2025\/11\/2025-11-14-Claudio-Espinosa.mp3\"><\/audio><\/figure>\n\n\n\n<p class=\"has-medium-font-size\">El presidente de la Asociaci\u00f3n del F\u00fatbol Barrial Maragato, Claudio Espinosa, habl\u00f3 sobre el cierre de la primera fase del torneo y el trabajo que se proyecta para las pr\u00f3ximas semanas.<\/p>\n\n\n\n<p class=\"has-medium-font-size\">Espinosa confirm\u00f3 que las dos zonas de primera y segunda divisi\u00f3n finalizar\u00e1n la etapa clasificatoria este fin de semana. \u201cLa idea era que todos terminen juntos, por eso adelantamos fechas cuando el clima lo permiti\u00f3\u201d, explic\u00f3. Si todo contin\u00faa dentro de los tiempos previstos, \u201cla pr\u00f3xima semana ya estar\u00edamos jugando los cuartos de final en reserva y primera\u201d.<\/p>\n\n\n\n<p class=\"has-medium-font-size\">En veteranos, detall\u00f3 que \u201cla categor\u00eda +42 juega esta fecha, y la 34 tiene dos jornadas pendientes porque participan m\u00e1s equipos\u201d.<\/p>\n\n\n\n<p class=\"has-medium-font-size\">Consultado por el arbitraje, Espinosa aclar\u00f3 que siguen trabajando con el plantel habitual. \u201cSon los \u00e1rbitros que siempre han estado. Los delegados eligieron un presupuesto al inicio del torneo y con eso se est\u00e1 trabajando\u201d. Aun as\u00ed, adelant\u00f3 que buscar\u00e1n ajustes: \u201cEl a\u00f1o que viene queremos revisar el sistema y ver si podemos mejorar\u201d.<\/p>\n\n\n\n<p class=\"has-medium-font-size\">Respecto a la sede de las finales, indic\u00f3 que est\u00e1n gestionando el Deportivo Patagonia como escenario principal. \u201cEl Polideportivo no est\u00e1 disponible porque no tiene la bomba para el riego y si se usa ahora se arruina el c\u00e9sped\u201d, se\u00f1al\u00f3. Agreg\u00f3 que, cuando ese problema est\u00e9 resuelto, podr\u00e1n analizar alternativas para futuras temporadas.<\/p>\n\n\n\n<p class=\"has-medium-font-size\">Uno de los temas m\u00e1s sensibles fue el estado de la obra de la sede propia de la asociaci\u00f3n. All\u00ed Espinosa fue contundente:<br>\u201cHicimos la base, la platea y la primera hilera. Est\u00e1 comprado todo: las paredes, el techo, la mayor\u00eda de los materiales. Los materiales est\u00e1n.\u201d<\/p>\n\n\n\n<p class=\"has-medium-font-size\">Luego remarc\u00f3 el principal obst\u00e1culo:<br>\u201cLo que falta es que m\u00e1s clubes se acerquen a trabajar. Somos siempre seis o siete, y as\u00ed es muy dif\u00edcil. No tenemos acompa\u00f1amiento de las instituciones.\u201d<\/p>\n\n\n\n<p class=\"has-medium-font-size\">Seg\u00fan explic\u00f3, la situaci\u00f3n genera frustraci\u00f3n porque la sede \u201cno es para la comisi\u00f3n, es para todos los clubes. Ya tendr\u00eda que estar mucho m\u00e1s avanzada\u201d.<\/p>\n\n\n\n<p class=\"has-medium-font-size\">En cuanto a la planificaci\u00f3n con juveniles, Espinosa coment\u00f3 que mantienen conversaciones con el \u00e1rea de Deportes y con coordinadores de Buenos Aires. \u201cQueremos preparar a los chicos para cuando vengan a ver talentos. Algo estamos armando, pero coordinar inferiores requiere m\u00e1s responsabilidad y m\u00e1s personal\u201d, sostuvo.<\/p>\n\n\n\n<p class=\"has-medium-font-size\">De cara al cierre del a\u00f1o, enfatiz\u00f3 la importancia del torneo y su impacto en la comunidad: \u201cLa gente acompa\u00f1a much\u00edsimo y hay que brindar un espect\u00e1culo acorde al esfuerzo de los jugadores\u201d.<\/p>\n\n\n\n<p class=\"has-medium-font-size\"><\/p>\n<div class=\"fb-background-color\">\n\t\t\t  <div \n\t\t\t  \tclass = \"fb-comments\" \n\t\t\t  \tdata-href = \"https:\/\/www.elpolitologoyelpolitico.com.ar\/wordpress\/2025\/11\/15\/claudio-espinosa-la-obra-de-la-sede-avanza-lento-no-tenemos-acompanamiento-de-las-instituciones\/\"\n\t\t\t  \tdata-numposts = \"10\"\n\t\t\t  \tdata-lazy = \"true\"\n\t\t\t\tdata-colorscheme = \"light\"\n\t\t\t\tdata-order-by = \"social\"\n\t\t\t\tdata-mobile=true>\n\t\t\t  <\/div><\/div>\n\t\t  <style>\n\t\t    .fb-background-color {\n\t\t\t\tbackground: #ffffff !important;\n\t\t\t}\n\t\t\t.fb_iframe_widget_fluid_desktop iframe {\n\t\t\t    width: 100% !important;\n\t\t\t}\n\t\t  <\/style>\n\t\t  ","protected":false},"excerpt":{"rendered":"<p>El presidente de la Asociaci\u00f3n del F\u00fatbol Barrial Maragato, Claudio Espinosa, habl\u00f3 sobre el cierre de la primera fase del torneo y el trabajo que se proyecta para las pr\u00f3ximas semanas. Espinosa confirm\u00f3 que las dos zonas de primera y segunda divisi\u00f3n finalizar\u00e1n la etapa clasificatoria este fin de semana. \u201cLa idea era que todos [&hellip;]<\/p>\n","protected":false},"author":4,"featured_media":42984,"comment_status":"closed","ping_status":"closed","sticky":false,"template":"","format":"standard","meta":{"_joinchat":[],"footnotes":""},"categories":[39],"tags":[],"class_list":["post-42978","post","type-post","status-publish","format-standard","has-post-thumbnail","hentry","category-en-esta-seccion"],"_links":{"self":[{"href":"https:\/\/www.elpolitologoyelpolitico.com.ar\/wordpress\/wp-json\/wp\/v2\/posts\/42978","targetHints":{"allow":["GET"]}}],"collection":[{"href":"https:\/\/www.elpolitologoyelpolitico.com.ar\/wordpress\/wp-json\/wp\/v2\/posts"}],"about":[{"href":"https:\/\/www.elpolitologoyelpolitico.com.ar\/wordpress\/wp-json\/wp\/v2\/types\/post"}],"author":[{"embeddable":true,"href":"https:\/\/www.elpolitologoyelpolitico.com.ar\/wordpress\/wp-json\/wp\/v2\/users\/4"}],"replies":[{"embeddable":true,"href":"https:\/\/www.elpolitologoyelpolitico.com.ar\/wordpress\/wp-json\/wp\/v2\/comments?post=42978"}],"version-history":[{"count":5,"href":"https:\/\/www.elpolitologoyelpolitico.com.ar\/wordpress\/wp-json\/wp\/v2\/posts\/42978\/revisions"}],"predecessor-version":[{"id":42986,"href":"https:\/\/www.elpolitologoyelpolitico.com.ar\/wordpress\/wp-json\/wp\/v2\/posts\/42978\/revisions\/42986"}],"wp:featuredmedia":[{"embeddable":true,"href":"https:\/\/www.elpolitologoyelpolitico.com.ar\/wordpress\/wp-json\/wp\/v2\/media\/42984"}],"wp:attachment":[{"href":"https:\/\/www.elpolitologoyelpolitico.com.ar\/wordpress\/wp-json\/wp\/v2\/media?parent=42978"}],"wp:term":[{"taxonomy":"category","embeddable":true,"href":"https:\/\/www.elpolitologoyelpolitico.com.ar\/wordpress\/wp-json\/wp\/v2\/categories?post=42978"},{"taxonomy":"post_tag","embeddable":true,"href":"https:\/\/www.elpolitologoyelpolitico.com.ar\/wordpress\/wp-json\/wp\/v2\/tags?post=42978"}],"curies":[{"name":"wp","href":"https:\/\/api.w.org\/{rel}","templated":true}]}}