{"id":42968,"date":"2025-11-15T13:02:59","date_gmt":"2025-11-15T16:02:59","guid":{"rendered":"https:\/\/www.elpolitologoyelpolitico.com.ar\/wordpress\/?p=42968"},"modified":"2025-11-15T13:03:00","modified_gmt":"2025-11-15T16:03:00","slug":"hablo-la-madre-de-gerardo-facundo-romero-y-volvio-a-exigir-justicia-por-el-brutal-crimen","status":"publish","type":"post","link":"https:\/\/www.elpolitologoyelpolitico.com.ar\/wordpress\/2025\/11\/15\/hablo-la-madre-de-gerardo-facundo-romero-y-volvio-a-exigir-justicia-por-el-brutal-crimen\/","title":{"rendered":"Habl\u00f3 la madre de Gerardo Facundo Romero y volvi\u00f3 a exigir justicia por el brutal crimen"},"content":{"rendered":"\n<figure class=\"wp-block-audio\"><audio controls src=\"https:\/\/www.elpolitologoyelpolitico.com.ar\/wp-content\/uploads\/2025\/11\/2025-11-13-Amanda-Romero.mp3\"><\/audio><\/figure>\n\n\n\n<p class=\"has-medium-font-size\">Amanda Romero, madre de Gerardo Facundo Romero \u2014el joven asesinado en el barrio San Mart\u00edn de Viedma\u2014 volvi\u00f3 a exigir que el caso llegue a juicio y rechaz\u00f3 la posibilidad de un acuerdo abreviado. La causa avanz\u00f3 en los \u00faltimos d\u00edas con nuevas pericias y una pr\u00f3rroga de la prisi\u00f3n preventiva del \u00fanico imputado, Alexi Emmanuel Olivares.<\/p>\n\n\n\n<p class=\"has-medium-font-size\">La mujer cont\u00f3 que contin\u00faa enfrentando un proceso \u201cdoloroso y desgastante\u201d y describi\u00f3 con crudeza la violencia que sufri\u00f3 su hijo. Seg\u00fan relat\u00f3, Gerardo fue atacado dentro de un departamento, donde \u201clo tuvo envuelto bajo la cama en una cortina de ba\u00f1o\u201d. Sostuvo que Olivares \u201clo mat\u00f3 de traici\u00f3n con un fierrazo, le dio 24 pu\u00f1aladas y lo degoll\u00f3\u201d, y asegur\u00f3 que la versi\u00f3n que intenta minimizar lo ocurrido \u201cno es cierta\u201d. \u201cLe reban\u00f3 el cuello, se lo cort\u00f3. Yo entr\u00e9 a verlo. No me voy a callar nada\u201d, afirm\u00f3.<\/p>\n\n\n\n<p class=\"has-medium-font-size\">Romero tambi\u00e9n expres\u00f3 su indignaci\u00f3n ante la idea de un posible acuerdo abreviado. Cont\u00f3 que desde fiscal\u00eda le plantearon que esta v\u00eda podr\u00eda \u201cacortar el proceso\u201d y tener una condena de 12 a\u00f1os, pero la familia lo descart\u00f3 terminantemente. \u201c\u00bfQu\u00e9 me est\u00e1n diciendo? \u00bfMatar y salir? \u00bfQu\u00e9 justicia tenemos? No voy a aceptar un abreviado. Quiero un juicio oral y p\u00fablico\u201d, sostuvo.<\/p>\n\n\n\n<p class=\"has-medium-font-size\">Asegur\u00f3 adem\u00e1s que no est\u00e1 dispuesta a permitir que durante el juicio se intente desviar la atenci\u00f3n hacia la vida pasada de su hijo. \u201cMi hijo pag\u00f3 lo que hizo, estuvo preso. Pero lo mataron con sa\u00f1a. \u00bfPor qu\u00e9 lo degoll\u00f3? \u00bfPor qu\u00e9 tantas pu\u00f1aladas?\u201d, cuestion\u00f3. Se\u00f1al\u00f3 que el acusado incluso intent\u00f3 \u201csimular inter\u00e9s en colaborar\u201d y que antes del crimen hab\u00eda llamado a una sobrina de Gerardo para encontrarse con ella.<\/p>\n\n\n\n<p class=\"has-medium-font-size\">La mujer tambi\u00e9n relat\u00f3 c\u00f3mo vive el d\u00eda a d\u00eda desde el asesinato. \u201cMe mat\u00f3 en vida. Todos los d\u00edas junto un granito de arena para levantarme\u201d, expres\u00f3. Cont\u00f3 que estuvo presente en la audiencia reciente, realizada por videoconferencia, y que el acusado \u201cactu\u00f3 como si nada\u201d. \u201cNunca pidi\u00f3 perd\u00f3n. Nada. Como si no hubiera hecho nada\u201d, dijo.<\/p>\n\n\n\n<p class=\"has-medium-font-size\">Romero anunci\u00f3 que organizar\u00e1 una marcha un mes antes del juicio y pidi\u00f3 el acompa\u00f1amiento de la comunidad. \u201cQuiero que quienes est\u00e9n en el jurado juzguen que mat\u00f3 a un ser humano, que estrope\u00f3 a una familia. No quiero que vean lo que Gerardo fue o lo que hizo, sino c\u00f3mo lo asesinaron\u201d, remarc\u00f3. Tambi\u00e9n adelant\u00f3 que avisar\u00e1 cuando se realice la exhumaci\u00f3n del cuerpo de su hijo, un paso necesario para las nuevas pericias incorporadas a la causa.<\/p>\n\n\n\n<p class=\"has-medium-font-size\">Por \u00faltimo, sostuvo que su \u00fanico objetivo es que la muerte de Gerardo no quede impune. \u201cEspero que se pueda hacer justicia digna y que mi hijo pueda descansar en paz. Nosotros todav\u00eda no podemos\u201d, expres\u00f3.<\/p>\n<div class=\"fb-background-color\">\n\t\t\t  <div \n\t\t\t  \tclass = \"fb-comments\" \n\t\t\t  \tdata-href = \"https:\/\/www.elpolitologoyelpolitico.com.ar\/wordpress\/2025\/11\/15\/hablo-la-madre-de-gerardo-facundo-romero-y-volvio-a-exigir-justicia-por-el-brutal-crimen\/\"\n\t\t\t  \tdata-numposts = \"10\"\n\t\t\t  \tdata-lazy = \"true\"\n\t\t\t\tdata-colorscheme = \"light\"\n\t\t\t\tdata-order-by = \"social\"\n\t\t\t\tdata-mobile=true>\n\t\t\t  <\/div><\/div>\n\t\t  <style>\n\t\t    .fb-background-color {\n\t\t\t\tbackground: #ffffff !important;\n\t\t\t}\n\t\t\t.fb_iframe_widget_fluid_desktop iframe {\n\t\t\t    width: 100% !important;\n\t\t\t}\n\t\t  <\/style>\n\t\t  ","protected":false},"excerpt":{"rendered":"<p>Amanda Romero, madre de Gerardo Facundo Romero \u2014el joven asesinado en el barrio San Mart\u00edn de Viedma\u2014 volvi\u00f3 a exigir que el caso llegue a juicio y rechaz\u00f3 la posibilidad de un acuerdo abreviado. La causa avanz\u00f3 en los \u00faltimos d\u00edas con nuevas pericias y una pr\u00f3rroga de la prisi\u00f3n preventiva del \u00fanico imputado, Alexi [&hellip;]<\/p>\n","protected":false},"author":4,"featured_media":42972,"comment_status":"closed","ping_status":"closed","sticky":false,"template":"","format":"standard","meta":{"_joinchat":[],"footnotes":""},"categories":[39],"tags":[],"class_list":["post-42968","post","type-post","status-publish","format-standard","has-post-thumbnail","hentry","category-en-esta-seccion"],"_links":{"self":[{"href":"https:\/\/www.elpolitologoyelpolitico.com.ar\/wordpress\/wp-json\/wp\/v2\/posts\/42968","targetHints":{"allow":["GET"]}}],"collection":[{"href":"https:\/\/www.elpolitologoyelpolitico.com.ar\/wordpress\/wp-json\/wp\/v2\/posts"}],"about":[{"href":"https:\/\/www.elpolitologoyelpolitico.com.ar\/wordpress\/wp-json\/wp\/v2\/types\/post"}],"author":[{"embeddable":true,"href":"https:\/\/www.elpolitologoyelpolitico.com.ar\/wordpress\/wp-json\/wp\/v2\/users\/4"}],"replies":[{"embeddable":true,"href":"https:\/\/www.elpolitologoyelpolitico.com.ar\/wordpress\/wp-json\/wp\/v2\/comments?post=42968"}],"version-history":[{"count":4,"href":"https:\/\/www.elpolitologoyelpolitico.com.ar\/wordpress\/wp-json\/wp\/v2\/posts\/42968\/revisions"}],"predecessor-version":[{"id":42975,"href":"https:\/\/www.elpolitologoyelpolitico.com.ar\/wordpress\/wp-json\/wp\/v2\/posts\/42968\/revisions\/42975"}],"wp:featuredmedia":[{"embeddable":true,"href":"https:\/\/www.elpolitologoyelpolitico.com.ar\/wordpress\/wp-json\/wp\/v2\/media\/42972"}],"wp:attachment":[{"href":"https:\/\/www.elpolitologoyelpolitico.com.ar\/wordpress\/wp-json\/wp\/v2\/media?parent=42968"}],"wp:term":[{"taxonomy":"category","embeddable":true,"href":"https:\/\/www.elpolitologoyelpolitico.com.ar\/wordpress\/wp-json\/wp\/v2\/categories?post=42968"},{"taxonomy":"post_tag","embeddable":true,"href":"https:\/\/www.elpolitologoyelpolitico.com.ar\/wordpress\/wp-json\/wp\/v2\/tags?post=42968"}],"curies":[{"name":"wp","href":"https:\/\/api.w.org\/{rel}","templated":true}]}}