{"id":42965,"date":"2025-11-15T11:49:46","date_gmt":"2025-11-15T14:49:46","guid":{"rendered":"https:\/\/www.elpolitologoyelpolitico.com.ar\/wordpress\/?p=42965"},"modified":"2025-11-15T11:49:46","modified_gmt":"2025-11-15T14:49:46","slug":"hoy-se-habilita-el-servicio-de-guardavidas-en-las-playas-del-rio","status":"publish","type":"post","link":"https:\/\/www.elpolitologoyelpolitico.com.ar\/wordpress\/2025\/11\/15\/hoy-se-habilita-el-servicio-de-guardavidas-en-las-playas-del-rio\/","title":{"rendered":"Hoy se habilita el servicio de guardavidas en las playas del r\u00edo"},"content":{"rendered":"\n<p class=\"has-medium-font-size\">La Secretar\u00eda de Gobierno informa a la comunidad que, a partir de hoy 15 de noviembre, quedar\u00e1 habilitado el servicio de guardavidas en las zonas balnearias de Carmen de Patagones.<\/p>\n\n\n\n<p class=\"has-medium-font-size\">El servicio funcionar\u00e1 todos los d\u00edas, en el horario de 13 a 19 horas, y estar\u00e1 disponible en los siguientes sectores:<\/p>\n\n\n\n<p class=\"has-medium-font-size\">-Playa del N\u00e1utico Piedra Buena<\/p>\n\n\n\n<p class=\"has-medium-font-size\">-Primera Bajada \u00abGabriela Cassano\u00bb<\/p>\n\n\n\n<p class=\"has-medium-font-size\">-Segunda Bajada \u00abLuis Marello\u00bb<\/p>\n\n\n\n<p class=\"has-medium-font-size\">&#8211; Malec\u00f3n<\/p>\n\n\n\n<p class=\"has-medium-font-size\">Se recuerda a vecinos y visitantes que el servicio se habilita exclusivamente en las playas del r\u00edo, y que es importante respetar las indicaciones del cuerpo de guardavidas, se\u00f1alizaciones y zonas delimitadas para el ba\u00f1o seguro.<\/p>\n\n\n\n<p class=\"has-medium-font-size\">Adem\u00e1s, se recomienda extremar precauciones, especialmente con ni\u00f1os y personas no habituadas al medio acu\u00e1tico, y evitar ingresar al agua fuera de los horarios de cobertura del servicio.<\/p>\n<div class=\"fb-background-color\">\n\t\t\t  <div \n\t\t\t  \tclass = \"fb-comments\" \n\t\t\t  \tdata-href = \"https:\/\/www.elpolitologoyelpolitico.com.ar\/wordpress\/2025\/11\/15\/hoy-se-habilita-el-servicio-de-guardavidas-en-las-playas-del-rio\/\"\n\t\t\t  \tdata-numposts = \"10\"\n\t\t\t  \tdata-lazy = \"true\"\n\t\t\t\tdata-colorscheme = \"light\"\n\t\t\t\tdata-order-by = \"social\"\n\t\t\t\tdata-mobile=true>\n\t\t\t  <\/div><\/div>\n\t\t  <style>\n\t\t    .fb-background-color {\n\t\t\t\tbackground: #ffffff !important;\n\t\t\t}\n\t\t\t.fb_iframe_widget_fluid_desktop iframe {\n\t\t\t    width: 100% !important;\n\t\t\t}\n\t\t  <\/style>\n\t\t  ","protected":false},"excerpt":{"rendered":"<p>La Secretar\u00eda de Gobierno informa a la comunidad que, a partir de hoy 15 de noviembre, quedar\u00e1 habilitado el servicio de guardavidas en las zonas balnearias de Carmen de Patagones. El servicio funcionar\u00e1 todos los d\u00edas, en el horario de 13 a 19 horas, y estar\u00e1 disponible en los siguientes sectores: -Playa del N\u00e1utico Piedra [&hellip;]<\/p>\n","protected":false},"author":4,"featured_media":42967,"comment_status":"closed","ping_status":"closed","sticky":false,"template":"","format":"standard","meta":{"_joinchat":[],"footnotes":""},"categories":[39],"tags":[],"class_list":["post-42965","post","type-post","status-publish","format-standard","has-post-thumbnail","hentry","category-en-esta-seccion"],"_links":{"self":[{"href":"https:\/\/www.elpolitologoyelpolitico.com.ar\/wordpress\/wp-json\/wp\/v2\/posts\/42965","targetHints":{"allow":["GET"]}}],"collection":[{"href":"https:\/\/www.elpolitologoyelpolitico.com.ar\/wordpress\/wp-json\/wp\/v2\/posts"}],"about":[{"href":"https:\/\/www.elpolitologoyelpolitico.com.ar\/wordpress\/wp-json\/wp\/v2\/types\/post"}],"author":[{"embeddable":true,"href":"https:\/\/www.elpolitologoyelpolitico.com.ar\/wordpress\/wp-json\/wp\/v2\/users\/4"}],"replies":[{"embeddable":true,"href":"https:\/\/www.elpolitologoyelpolitico.com.ar\/wordpress\/wp-json\/wp\/v2\/comments?post=42965"}],"version-history":[{"count":1,"href":"https:\/\/www.elpolitologoyelpolitico.com.ar\/wordpress\/wp-json\/wp\/v2\/posts\/42965\/revisions"}],"predecessor-version":[{"id":42966,"href":"https:\/\/www.elpolitologoyelpolitico.com.ar\/wordpress\/wp-json\/wp\/v2\/posts\/42965\/revisions\/42966"}],"wp:featuredmedia":[{"embeddable":true,"href":"https:\/\/www.elpolitologoyelpolitico.com.ar\/wordpress\/wp-json\/wp\/v2\/media\/42967"}],"wp:attachment":[{"href":"https:\/\/www.elpolitologoyelpolitico.com.ar\/wordpress\/wp-json\/wp\/v2\/media?parent=42965"}],"wp:term":[{"taxonomy":"category","embeddable":true,"href":"https:\/\/www.elpolitologoyelpolitico.com.ar\/wordpress\/wp-json\/wp\/v2\/categories?post=42965"},{"taxonomy":"post_tag","embeddable":true,"href":"https:\/\/www.elpolitologoyelpolitico.com.ar\/wordpress\/wp-json\/wp\/v2\/tags?post=42965"}],"curies":[{"name":"wp","href":"https:\/\/api.w.org\/{rel}","templated":true}]}}