{"id":42958,"date":"2025-11-14T13:59:33","date_gmt":"2025-11-14T16:59:33","guid":{"rendered":"https:\/\/www.elpolitologoyelpolitico.com.ar\/wordpress\/?p=42958"},"modified":"2025-11-14T13:59:34","modified_gmt":"2025-11-14T16:59:34","slug":"leandro-saldana-delegado-de-sugara-viedma-sobre-la-reforma-de-la-ordenanza-era-peligrosa-y-tenia-20-anos","status":"publish","type":"post","link":"https:\/\/www.elpolitologoyelpolitico.com.ar\/wordpress\/2025\/11\/14\/leandro-saldana-delegado-de-sugara-viedma-sobre-la-reforma-de-la-ordenanza-era-peligrosa-y-tenia-20-anos\/","title":{"rendered":"Leandro Salda\u00f1a, delegado de SUGARA Viedma, sobre la reforma de la ordenanza: \u201cEra peligrosa y ten\u00eda 20 a\u00f1os\u201d"},"content":{"rendered":"\n<figure class=\"wp-block-audio\"><audio controls src=\"https:\/\/www.elpolitologoyelpolitico.com.ar\/wp-content\/uploads\/2025\/11\/2025-11-12-Leandro-Saldana.mp3\"><\/audio><\/figure>\n\n\n\n<p class=\"has-medium-font-size\">Leandro Salda\u00f1a, delegado de SUGARA en Viedma, cont\u00f3 que desde marzo vienen trabajando con el municipio para actualizar la normativa de playas porque, seg\u00fan \u00e9l, \u201cest\u00e1bamos trabajando con una ordenanza que ten\u00eda 20 a\u00f1os, totalmente obsoleta\u201d. Dice que la costa cambi\u00f3, la cantidad de gente creci\u00f3 y que ya no se pod\u00eda sostener un sistema lleno de \u201cgrises que eran peligrosos para todos\u201d.<\/p>\n\n\n\n<p class=\"has-medium-font-size\">Uno de los cambios m\u00e1s importantes ser\u00e1 en El C\u00f3ndor. En la zona del Faro se mezclaban pesca, veh\u00edculos y ba\u00f1istas en un mismo sector. Salda\u00f1a fue tajante: \u201cNo puede ser que tengamos una calle dentro de la zona ba\u00f1ar\u00eda\u201d. Adem\u00e1s, hab\u00eda una franja enorme sin cobertura: \u201cTen\u00edamos casi 900 metros de zona muerta donde no hab\u00eda guardavidas y mucha gente igual se met\u00eda al mar\u201d. Con la reforma, los puestos se correr\u00e1n para cubrir ese tramo y eliminar esos riesgos.<\/p>\n\n\n\n<p class=\"has-medium-font-size\">En la costa del r\u00edo tambi\u00e9n habr\u00e1 reordenamiento. \u201cLos juncos y la basura atrapada lo hac\u00edan muy peligroso\u201d, por eso el sector del barco hundido se trasladar\u00e1 hacia el puente nuevo. La zona vieja quedar\u00e1 solo para recreaci\u00f3n sin guardavidas.<\/p>\n\n\n\n<p class=\"has-medium-font-size\">Salda\u00f1a destaca como avance fuerte que este a\u00f1o habr\u00e1 refugios propios del servicio. Recuerda lo que ocurri\u00f3 con los que se tercerizaban: \u201cDos se dieron vuelta con compa\u00f1eros adentro durante un temporal\u201d. Ahora habr\u00e1 estructuras nuevas en Faro, Cailloto y Central.<\/p>\n\n\n\n<p class=\"has-medium-font-size\">Otro problema habitual es el tr\u00e1nsito sobre la arena. El delegado admite que terminaban haciendo tareas que no les correspond\u00edan: \u201cLlegamos a hacer de inspectores de tr\u00e1nsito, tocando silbatos y frenando veh\u00edculos\u201d. Esperan que la nueva organizaci\u00f3n reduzca ese conflicto.<\/p>\n\n\n\n<p class=\"has-medium-font-size\">Tambi\u00e9n remarc\u00f3 la calidad del cuerpo de guardavidas: \u201cTenemos chicos capacitados en las mejores escuelas y compa\u00f1eros que trabajaron en Portugal y Brasil, que volvieron y ya rindieron revalida\u201d.<\/p>\n\n\n\n<p class=\"has-medium-font-size\">Los horarios se mantendr\u00e1n, aunque insiste en que a futuro deber\u00eda haber guardias a la ma\u00f1ana: \u201cA la ma\u00f1ana suelen pasar muchas cosas y ser\u00eda importante tener aunque sea una guardia m\u00ednima\u201d.<\/p>\n\n\n\n<p class=\"has-medium-font-size\">Sobre lo salarial, la discusi\u00f3n arranca el 17. Reclaman cumplir el convenio nacional porque \u201cllegamos a ser una de las ciudades peor pagas del pa\u00eds\u201d, algo que buscan revertir.<\/p>\n\n\n\n<p class=\"has-medium-font-size\">Salda\u00f1a cierra con la definici\u00f3n que resume su postura: \u201cEl mejor d\u00eda es cuando hay rescate cero. Eso significa que hubo prevenci\u00f3n y que nadie pas\u00f3 un mal momento\u201d.<\/p>\n\n\n\n<p class=\"has-medium-font-size\">La temporada en Viedma y El C\u00f3ndor comenzar\u00e1 el 1\u00b0 de diciembre.<\/p>\n\n\n\n<p><\/p>\n<div class=\"fb-background-color\">\n\t\t\t  <div \n\t\t\t  \tclass = \"fb-comments\" \n\t\t\t  \tdata-href = \"https:\/\/www.elpolitologoyelpolitico.com.ar\/wordpress\/2025\/11\/14\/leandro-saldana-delegado-de-sugara-viedma-sobre-la-reforma-de-la-ordenanza-era-peligrosa-y-tenia-20-anos\/\"\n\t\t\t  \tdata-numposts = \"10\"\n\t\t\t  \tdata-lazy = \"true\"\n\t\t\t\tdata-colorscheme = \"light\"\n\t\t\t\tdata-order-by = \"social\"\n\t\t\t\tdata-mobile=true>\n\t\t\t  <\/div><\/div>\n\t\t  <style>\n\t\t    .fb-background-color {\n\t\t\t\tbackground: #ffffff !important;\n\t\t\t}\n\t\t\t.fb_iframe_widget_fluid_desktop iframe {\n\t\t\t    width: 100% !important;\n\t\t\t}\n\t\t  <\/style>\n\t\t  ","protected":false},"excerpt":{"rendered":"<p>Leandro Salda\u00f1a, delegado de SUGARA en Viedma, cont\u00f3 que desde marzo vienen trabajando con el municipio para actualizar la normativa de playas porque, seg\u00fan \u00e9l, \u201cest\u00e1bamos trabajando con una ordenanza que ten\u00eda 20 a\u00f1os, totalmente obsoleta\u201d. Dice que la costa cambi\u00f3, la cantidad de gente creci\u00f3 y que ya no se pod\u00eda sostener un sistema [&hellip;]<\/p>\n","protected":false},"author":4,"featured_media":42964,"comment_status":"closed","ping_status":"closed","sticky":false,"template":"","format":"standard","meta":{"_joinchat":[],"footnotes":""},"categories":[39],"tags":[],"class_list":["post-42958","post","type-post","status-publish","format-standard","has-post-thumbnail","hentry","category-en-esta-seccion"],"_links":{"self":[{"href":"https:\/\/www.elpolitologoyelpolitico.com.ar\/wordpress\/wp-json\/wp\/v2\/posts\/42958","targetHints":{"allow":["GET"]}}],"collection":[{"href":"https:\/\/www.elpolitologoyelpolitico.com.ar\/wordpress\/wp-json\/wp\/v2\/posts"}],"about":[{"href":"https:\/\/www.elpolitologoyelpolitico.com.ar\/wordpress\/wp-json\/wp\/v2\/types\/post"}],"author":[{"embeddable":true,"href":"https:\/\/www.elpolitologoyelpolitico.com.ar\/wordpress\/wp-json\/wp\/v2\/users\/4"}],"replies":[{"embeddable":true,"href":"https:\/\/www.elpolitologoyelpolitico.com.ar\/wordpress\/wp-json\/wp\/v2\/comments?post=42958"}],"version-history":[{"count":3,"href":"https:\/\/www.elpolitologoyelpolitico.com.ar\/wordpress\/wp-json\/wp\/v2\/posts\/42958\/revisions"}],"predecessor-version":[{"id":42962,"href":"https:\/\/www.elpolitologoyelpolitico.com.ar\/wordpress\/wp-json\/wp\/v2\/posts\/42958\/revisions\/42962"}],"wp:featuredmedia":[{"embeddable":true,"href":"https:\/\/www.elpolitologoyelpolitico.com.ar\/wordpress\/wp-json\/wp\/v2\/media\/42964"}],"wp:attachment":[{"href":"https:\/\/www.elpolitologoyelpolitico.com.ar\/wordpress\/wp-json\/wp\/v2\/media?parent=42958"}],"wp:term":[{"taxonomy":"category","embeddable":true,"href":"https:\/\/www.elpolitologoyelpolitico.com.ar\/wordpress\/wp-json\/wp\/v2\/categories?post=42958"},{"taxonomy":"post_tag","embeddable":true,"href":"https:\/\/www.elpolitologoyelpolitico.com.ar\/wordpress\/wp-json\/wp\/v2\/tags?post=42958"}],"curies":[{"name":"wp","href":"https:\/\/api.w.org\/{rel}","templated":true}]}}