{"id":42955,"date":"2025-11-14T11:55:55","date_gmt":"2025-11-14T14:55:55","guid":{"rendered":"https:\/\/www.elpolitologoyelpolitico.com.ar\/wordpress\/?p=42955"},"modified":"2025-11-14T11:55:56","modified_gmt":"2025-11-14T14:55:56","slug":"disconformes-con-el-proceso-judicial-rompieron-los-vidrios-de-la-delegacion-de-la-senaf","status":"publish","type":"post","link":"https:\/\/www.elpolitologoyelpolitico.com.ar\/wordpress\/2025\/11\/14\/disconformes-con-el-proceso-judicial-rompieron-los-vidrios-de-la-delegacion-de-la-senaf\/","title":{"rendered":"Disconformes con el proceso judicial rompieron los vidrios de la delegaci\u00f3n de la SENAF"},"content":{"rendered":"\n<p class=\"has-medium-font-size\">Durante la jornada, dos personas \u2014progenitores que actualmente se encuentran en proceso judicial de adopci\u00f3n de sus hijos\u2014, luego de participar en una audiencia, se presentaron en la delegaci\u00f3n profiriendo gritos y arrojando piedras contra el edificio provincial y veh\u00edculos particulares. Estos actos provocaron da\u00f1os hacia los trabajadores, trabajadoras y familias que se encontraban desempe\u00f1ando sus tareas.<\/p>\n\n\n\n<p class=\"has-medium-font-size\">Asimismo, la violencia ejercida impact\u00f3 en el normal funcionamiento del CAINA, donde se alojan ni\u00f1os y ni\u00f1as con medidas de protecci\u00f3n sin cuidados parentales, vulnerando el clima de contenci\u00f3n y seguridad que la instituci\u00f3n procura garantizar.<\/p>\n\n\n\n<p class=\"has-medium-font-size\">A trav\u00e9s de los funcionarios que se encontraban en la delegaci\u00f3n se radic\u00f3 la correspondiente denuncia penal contra los agresores identificados, y se solicit\u00f3 refuerzo policial para resguardar tanto al personal como a las instalaciones.<\/p>\n\n\n\n<p class=\"has-medium-font-size\">Cabe destacar que desde el organismo no se tolerar\u00e1 ning\u00fan tipo de agresi\u00f3n hacia sus equipos y continuar\u00e1 tomando todas las medidas necesarias para protegerlos.<\/p>\n<div class=\"fb-background-color\">\n\t\t\t  <div \n\t\t\t  \tclass = \"fb-comments\" \n\t\t\t  \tdata-href = \"https:\/\/www.elpolitologoyelpolitico.com.ar\/wordpress\/2025\/11\/14\/disconformes-con-el-proceso-judicial-rompieron-los-vidrios-de-la-delegacion-de-la-senaf\/\"\n\t\t\t  \tdata-numposts = \"10\"\n\t\t\t  \tdata-lazy = \"true\"\n\t\t\t\tdata-colorscheme = \"light\"\n\t\t\t\tdata-order-by = \"social\"\n\t\t\t\tdata-mobile=true>\n\t\t\t  <\/div><\/div>\n\t\t  <style>\n\t\t    .fb-background-color {\n\t\t\t\tbackground: #ffffff !important;\n\t\t\t}\n\t\t\t.fb_iframe_widget_fluid_desktop iframe {\n\t\t\t    width: 100% !important;\n\t\t\t}\n\t\t  <\/style>\n\t\t  ","protected":false},"excerpt":{"rendered":"<p>Durante la jornada, dos personas \u2014progenitores que actualmente se encuentran en proceso judicial de adopci\u00f3n de sus hijos\u2014, luego de participar en una audiencia, se presentaron en la delegaci\u00f3n profiriendo gritos y arrojando piedras contra el edificio provincial y veh\u00edculos particulares. Estos actos provocaron da\u00f1os hacia los trabajadores, trabajadoras y familias que se encontraban desempe\u00f1ando [&hellip;]<\/p>\n","protected":false},"author":4,"featured_media":42957,"comment_status":"closed","ping_status":"closed","sticky":false,"template":"","format":"standard","meta":{"_joinchat":[],"footnotes":""},"categories":[39],"tags":[],"class_list":["post-42955","post","type-post","status-publish","format-standard","has-post-thumbnail","hentry","category-en-esta-seccion"],"_links":{"self":[{"href":"https:\/\/www.elpolitologoyelpolitico.com.ar\/wordpress\/wp-json\/wp\/v2\/posts\/42955","targetHints":{"allow":["GET"]}}],"collection":[{"href":"https:\/\/www.elpolitologoyelpolitico.com.ar\/wordpress\/wp-json\/wp\/v2\/posts"}],"about":[{"href":"https:\/\/www.elpolitologoyelpolitico.com.ar\/wordpress\/wp-json\/wp\/v2\/types\/post"}],"author":[{"embeddable":true,"href":"https:\/\/www.elpolitologoyelpolitico.com.ar\/wordpress\/wp-json\/wp\/v2\/users\/4"}],"replies":[{"embeddable":true,"href":"https:\/\/www.elpolitologoyelpolitico.com.ar\/wordpress\/wp-json\/wp\/v2\/comments?post=42955"}],"version-history":[{"count":1,"href":"https:\/\/www.elpolitologoyelpolitico.com.ar\/wordpress\/wp-json\/wp\/v2\/posts\/42955\/revisions"}],"predecessor-version":[{"id":42956,"href":"https:\/\/www.elpolitologoyelpolitico.com.ar\/wordpress\/wp-json\/wp\/v2\/posts\/42955\/revisions\/42956"}],"wp:featuredmedia":[{"embeddable":true,"href":"https:\/\/www.elpolitologoyelpolitico.com.ar\/wordpress\/wp-json\/wp\/v2\/media\/42957"}],"wp:attachment":[{"href":"https:\/\/www.elpolitologoyelpolitico.com.ar\/wordpress\/wp-json\/wp\/v2\/media?parent=42955"}],"wp:term":[{"taxonomy":"category","embeddable":true,"href":"https:\/\/www.elpolitologoyelpolitico.com.ar\/wordpress\/wp-json\/wp\/v2\/categories?post=42955"},{"taxonomy":"post_tag","embeddable":true,"href":"https:\/\/www.elpolitologoyelpolitico.com.ar\/wordpress\/wp-json\/wp\/v2\/tags?post=42955"}],"curies":[{"name":"wp","href":"https:\/\/api.w.org\/{rel}","templated":true}]}}