{"id":42951,"date":"2025-11-14T08:39:29","date_gmt":"2025-11-14T11:39:29","guid":{"rendered":"https:\/\/www.elpolitologoyelpolitico.com.ar\/wordpress\/?p=42951"},"modified":"2025-11-14T08:41:34","modified_gmt":"2025-11-14T11:41:34","slug":"investigan-a-una-mujer-trans-por-abusar-sexualmente-contra-un-menor-de-edad","status":"publish","type":"post","link":"https:\/\/www.elpolitologoyelpolitico.com.ar\/wordpress\/2025\/11\/14\/investigan-a-una-mujer-trans-por-abusar-sexualmente-contra-un-menor-de-edad\/","title":{"rendered":"Investigan a una mujer trans por abusar sexualmente contra un menor de edad"},"content":{"rendered":"\n<p class=\"has-medium-font-size\">La Fiscal\u00eda de Puerto Madryn investiga a una mujer trans, identificada como A.C., por la presunta comisi\u00f3n del delito de abuso sexual gravemente ultrajante contra un menor de edad cometido cuando fue a cortarse el pelo.<\/p>\n\n\n\n<p class=\"has-medium-font-size\">La investigaci\u00f3n est\u00e1 a cargo de la funcionaria de Fiscal\u00eda Camila Martinovich, quien solicit\u00f3 la detenci\u00f3n de la imputada luego de que esta no asistiera al examen mental obligatorio ni a la audiencia de C\u00e1mara Gesell, instancias clave dentro del proceso penal. La medida se dispuso luego de que semanas atr\u00e1s se disponga su imputaci\u00f3n formal y apertura de investigaci\u00f3n penal preparatoria. Actualmente, A.C. permanece bajo arresto domiciliario, luego de que la judicatura hiciera lugar a un pedido de la defensa p\u00fablica.<\/p>\n\n\n\n<p class=\"has-medium-font-size\">La causa contin\u00faa en etapa de investigaci\u00f3n, con intervenci\u00f3n de equipos t\u00e9cnicos y peritos especializados. El pr\u00f3ximo paso es la realizaci\u00f3n de la C\u00e1mara Gesell.<\/p>\n\n\n\n<p class=\"has-medium-font-size\">Marco legal<\/p>\n\n\n\n<p class=\"has-medium-font-size\">El delito de abuso sexual gravemente ultrajante se encuentra previsto en el art\u00edculo 119 del C\u00f3digo Penal, y contempla penas de cuatro a diez a\u00f1os de prisi\u00f3n. La figura se aplica cuando los hechos afectan de modo particularmente humillante o degradante a la v\u00edctima, en especial cuando se trata de ni\u00f1as, ni\u00f1os o adolescentes.<\/p>\n<div class=\"fb-background-color\">\n\t\t\t  <div \n\t\t\t  \tclass = \"fb-comments\" \n\t\t\t  \tdata-href = \"https:\/\/www.elpolitologoyelpolitico.com.ar\/wordpress\/2025\/11\/14\/investigan-a-una-mujer-trans-por-abusar-sexualmente-contra-un-menor-de-edad\/\"\n\t\t\t  \tdata-numposts = \"10\"\n\t\t\t  \tdata-lazy = \"true\"\n\t\t\t\tdata-colorscheme = \"light\"\n\t\t\t\tdata-order-by = \"social\"\n\t\t\t\tdata-mobile=true>\n\t\t\t  <\/div><\/div>\n\t\t  <style>\n\t\t    .fb-background-color {\n\t\t\t\tbackground: #ffffff !important;\n\t\t\t}\n\t\t\t.fb_iframe_widget_fluid_desktop iframe {\n\t\t\t    width: 100% !important;\n\t\t\t}\n\t\t  <\/style>\n\t\t  ","protected":false},"excerpt":{"rendered":"<p>La Fiscal\u00eda de Puerto Madryn investiga a una mujer trans, identificada como A.C., por la presunta comisi\u00f3n del delito de abuso sexual gravemente ultrajante contra un menor de edad cometido cuando fue a cortarse el pelo. La investigaci\u00f3n est\u00e1 a cargo de la funcionaria de Fiscal\u00eda Camila Martinovich, quien solicit\u00f3 la detenci\u00f3n de la imputada [&hellip;]<\/p>\n","protected":false},"author":4,"featured_media":42954,"comment_status":"closed","ping_status":"closed","sticky":false,"template":"","format":"standard","meta":{"_joinchat":[],"footnotes":""},"categories":[39],"tags":[],"class_list":["post-42951","post","type-post","status-publish","format-standard","has-post-thumbnail","hentry","category-en-esta-seccion"],"_links":{"self":[{"href":"https:\/\/www.elpolitologoyelpolitico.com.ar\/wordpress\/wp-json\/wp\/v2\/posts\/42951","targetHints":{"allow":["GET"]}}],"collection":[{"href":"https:\/\/www.elpolitologoyelpolitico.com.ar\/wordpress\/wp-json\/wp\/v2\/posts"}],"about":[{"href":"https:\/\/www.elpolitologoyelpolitico.com.ar\/wordpress\/wp-json\/wp\/v2\/types\/post"}],"author":[{"embeddable":true,"href":"https:\/\/www.elpolitologoyelpolitico.com.ar\/wordpress\/wp-json\/wp\/v2\/users\/4"}],"replies":[{"embeddable":true,"href":"https:\/\/www.elpolitologoyelpolitico.com.ar\/wordpress\/wp-json\/wp\/v2\/comments?post=42951"}],"version-history":[{"count":1,"href":"https:\/\/www.elpolitologoyelpolitico.com.ar\/wordpress\/wp-json\/wp\/v2\/posts\/42951\/revisions"}],"predecessor-version":[{"id":42953,"href":"https:\/\/www.elpolitologoyelpolitico.com.ar\/wordpress\/wp-json\/wp\/v2\/posts\/42951\/revisions\/42953"}],"wp:featuredmedia":[{"embeddable":true,"href":"https:\/\/www.elpolitologoyelpolitico.com.ar\/wordpress\/wp-json\/wp\/v2\/media\/42954"}],"wp:attachment":[{"href":"https:\/\/www.elpolitologoyelpolitico.com.ar\/wordpress\/wp-json\/wp\/v2\/media?parent=42951"}],"wp:term":[{"taxonomy":"category","embeddable":true,"href":"https:\/\/www.elpolitologoyelpolitico.com.ar\/wordpress\/wp-json\/wp\/v2\/categories?post=42951"},{"taxonomy":"post_tag","embeddable":true,"href":"https:\/\/www.elpolitologoyelpolitico.com.ar\/wordpress\/wp-json\/wp\/v2\/tags?post=42951"}],"curies":[{"name":"wp","href":"https:\/\/api.w.org\/{rel}","templated":true}]}}