{"id":42940,"date":"2025-11-13T12:39:16","date_gmt":"2025-11-13T15:39:16","guid":{"rendered":"https:\/\/www.elpolitologoyelpolitico.com.ar\/wordpress\/?p=42940"},"modified":"2025-11-13T12:48:39","modified_gmt":"2025-11-13T15:48:39","slug":"separan-del-cargo-a-un-enfermero-del-hospital-de-patagones-tras-una-denuncia-por-abuso","status":"publish","type":"post","link":"https:\/\/www.elpolitologoyelpolitico.com.ar\/wordpress\/2025\/11\/13\/separan-del-cargo-a-un-enfermero-del-hospital-de-patagones-tras-una-denuncia-por-abuso\/","title":{"rendered":"Remueven a un enfermero del hospital de Patagones luego de una denuncia por abuso."},"content":{"rendered":"\n<p class=\"has-medium-font-size\">Un enfermero del Hospital Pedro Ecay de Carmen de Patagones fue apartado de sus funciones luego de conocerse una denuncia por abuso sexual contra una menor, radicada en la ciudad de Olavarr\u00eda.<\/p>\n\n\n\n<p class=\"has-medium-font-size\">El municipio confirm\u00f3 que la acusaci\u00f3n fue comunicada oficialmente al mediod\u00eda del mi\u00e9rcoles. A partir de esa notificaci\u00f3n, las autoridades del hospital informaron a la asesor\u00eda legal del municipio, que inici\u00f3 las actuaciones correspondientes y resolvi\u00f3 suspender de manera preventiva al trabajador mientras avanza la investigaci\u00f3n judicial.<\/p>\n\n\n\n<p class=\"has-medium-font-size\">El profesional, que es oriundo de Olavarr\u00eda y se desempe\u00f1aba en el hospital local bajo contrato, fue desafectado hasta que la justicia determine su responsabilidad. Desde el \u00e1rea de Salud aclararon que, como parte de los procesos de ingreso, se verifican los antecedentes penales del personal, aunque la causa judicial todav\u00eda se encuentra en tr\u00e1mite.<\/p>\n\n\n\n<p class=\"has-medium-font-size\">La madre de la v\u00edctima expres\u00f3 su malestar por el tiempo transcurrido desde que realiz\u00f3 la denuncia \u2014m\u00e1s de dos a\u00f1os atr\u00e1s\u2014 y sostuvo que hasta ahora no se hab\u00edan tomado medidas visibles respecto del acusado, quien, seg\u00fan su testimonio, contin\u00faa con su vida habitual.<\/p>\n\n\n\n<p class=\"has-medium-font-size\">La mujer tambi\u00e9n cont\u00f3 que mantuvo contacto con el intendente Ricardo Marino, quien le sugiri\u00f3 presentar una nota acompa\u00f1ada por la documentaci\u00f3n del caso para que el municipio inicie un procedimiento administrativo interno.<\/p>\n\n\n\n<p class=\"has-medium-font-size\">La causa fue caratulada como \u201cabuso sexual con acceso carnal\u201d y se encuentra bajo investigaci\u00f3n en la Unidad Funcional de Instrucci\u00f3n, Juicio y Flagrancia N\u00b04 de Olavarr\u00eda.<\/p>\n\n\n\n<p class=\"has-medium-font-size\">La decisi\u00f3n de separar temporalmente al enfermero fue adoptada para evitar interferencias con la investigaci\u00f3n y garantizar que los hechos puedan esclarecerse con total independencia.<br><br>Adjuntamos link de la publicaci\u00f3n inicial:<br><a href=\"https:\/\/www.facebook.com\/share\/p\/1JmWga2SfU\/\">https:\/\/www.facebook.com\/share\/p\/1JmWga2SfU\/<\/a><\/p>\n<div class=\"fb-background-color\">\n\t\t\t  <div \n\t\t\t  \tclass = \"fb-comments\" \n\t\t\t  \tdata-href = \"https:\/\/www.elpolitologoyelpolitico.com.ar\/wordpress\/2025\/11\/13\/separan-del-cargo-a-un-enfermero-del-hospital-de-patagones-tras-una-denuncia-por-abuso\/\"\n\t\t\t  \tdata-numposts = \"10\"\n\t\t\t  \tdata-lazy = \"true\"\n\t\t\t\tdata-colorscheme = \"light\"\n\t\t\t\tdata-order-by = \"social\"\n\t\t\t\tdata-mobile=true>\n\t\t\t  <\/div><\/div>\n\t\t  <style>\n\t\t    .fb-background-color {\n\t\t\t\tbackground: #ffffff !important;\n\t\t\t}\n\t\t\t.fb_iframe_widget_fluid_desktop iframe {\n\t\t\t    width: 100% !important;\n\t\t\t}\n\t\t  <\/style>\n\t\t  ","protected":false},"excerpt":{"rendered":"<p>Un enfermero del Hospital Pedro Ecay de Carmen de Patagones fue apartado de sus funciones luego de conocerse una denuncia por abuso sexual contra una menor, radicada en la ciudad de Olavarr\u00eda. El municipio confirm\u00f3 que la acusaci\u00f3n fue comunicada oficialmente al mediod\u00eda del mi\u00e9rcoles. A partir de esa notificaci\u00f3n, las autoridades del hospital informaron [&hellip;]<\/p>\n","protected":false},"author":4,"featured_media":42949,"comment_status":"closed","ping_status":"closed","sticky":false,"template":"","format":"standard","meta":{"_joinchat":[],"footnotes":""},"categories":[39],"tags":[],"class_list":["post-42940","post","type-post","status-publish","format-standard","has-post-thumbnail","hentry","category-en-esta-seccion"],"_links":{"self":[{"href":"https:\/\/www.elpolitologoyelpolitico.com.ar\/wordpress\/wp-json\/wp\/v2\/posts\/42940","targetHints":{"allow":["GET"]}}],"collection":[{"href":"https:\/\/www.elpolitologoyelpolitico.com.ar\/wordpress\/wp-json\/wp\/v2\/posts"}],"about":[{"href":"https:\/\/www.elpolitologoyelpolitico.com.ar\/wordpress\/wp-json\/wp\/v2\/types\/post"}],"author":[{"embeddable":true,"href":"https:\/\/www.elpolitologoyelpolitico.com.ar\/wordpress\/wp-json\/wp\/v2\/users\/4"}],"replies":[{"embeddable":true,"href":"https:\/\/www.elpolitologoyelpolitico.com.ar\/wordpress\/wp-json\/wp\/v2\/comments?post=42940"}],"version-history":[{"count":7,"href":"https:\/\/www.elpolitologoyelpolitico.com.ar\/wordpress\/wp-json\/wp\/v2\/posts\/42940\/revisions"}],"predecessor-version":[{"id":42950,"href":"https:\/\/www.elpolitologoyelpolitico.com.ar\/wordpress\/wp-json\/wp\/v2\/posts\/42940\/revisions\/42950"}],"wp:featuredmedia":[{"embeddable":true,"href":"https:\/\/www.elpolitologoyelpolitico.com.ar\/wordpress\/wp-json\/wp\/v2\/media\/42949"}],"wp:attachment":[{"href":"https:\/\/www.elpolitologoyelpolitico.com.ar\/wordpress\/wp-json\/wp\/v2\/media?parent=42940"}],"wp:term":[{"taxonomy":"category","embeddable":true,"href":"https:\/\/www.elpolitologoyelpolitico.com.ar\/wordpress\/wp-json\/wp\/v2\/categories?post=42940"},{"taxonomy":"post_tag","embeddable":true,"href":"https:\/\/www.elpolitologoyelpolitico.com.ar\/wordpress\/wp-json\/wp\/v2\/tags?post=42940"}],"curies":[{"name":"wp","href":"https:\/\/api.w.org\/{rel}","templated":true}]}}