{"id":42934,"date":"2025-11-13T08:48:04","date_gmt":"2025-11-13T11:48:04","guid":{"rendered":"https:\/\/www.elpolitologoyelpolitico.com.ar\/wordpress\/?p=42934"},"modified":"2025-11-13T08:51:39","modified_gmt":"2025-11-13T11:51:39","slug":"prorrogan-la-prision-preventiva-de-un-hombre-acusado-de-homicidio-agravado-en-viedma","status":"publish","type":"post","link":"https:\/\/www.elpolitologoyelpolitico.com.ar\/wordpress\/2025\/11\/13\/prorrogan-la-prision-preventiva-de-un-hombre-acusado-de-homicidio-agravado-en-viedma\/","title":{"rendered":"Extienden por cuatro meses la prisi\u00f3n preventiva del acusado por el crimen de Facundo Romero"},"content":{"rendered":"\n<p class=\"has-medium-font-size\">La Justicia de R\u00edo Negro resolvi\u00f3 extender por cuatro meses la prisi\u00f3n preventiva del hombre acusado del homicidio agravado por ensa\u00f1amiento de Facundo Gerardo Romero, ocurrido el pasado 7 de agosto en Viedma.<\/p>\n\n\n\n<p class=\"has-medium-font-size\">Seg\u00fan la investigaci\u00f3n, la v\u00edctima fue atacada dentro de una vivienda y sufri\u00f3 graves lesiones, entre ellas una fractura de cr\u00e1neo y m\u00faltiples heridas de arma blanca. Por la violencia del hecho, la fiscal\u00eda calific\u00f3 el caso como homicidio agravado.<\/p>\n\n\n\n<p class=\"has-medium-font-size\">Durante la audiencia, el equipo fiscal argument\u00f3 que la investigaci\u00f3n contin\u00faa abierta y requiere la realizaci\u00f3n de diversas medidas de prueba. Entre ellas, restan peritajes sobre los tel\u00e9fonos celulares secuestrados, an\u00e1lisis gen\u00e9ticos, relevamientos de c\u00e1maras de seguridad y un escaneo tridimensional del lugar donde se produjo el crimen.<\/p>\n\n\n\n<p class=\"has-medium-font-size\">Al solicitar la pr\u00f3rroga, la fiscal\u00eda se\u00f1al\u00f3 adem\u00e1s que el imputado no cuenta con un domicilio estable ni con un trabajo formal en la ciudad, lo que implica riesgo de fuga. Tambi\u00e9n se mencion\u00f3 la posibilidad de entorpecimiento del proceso, ya que algunos testigos residen en su entorno cercano.<\/p>\n\n\n\n<p class=\"has-medium-font-size\">Tras evaluar los fundamentos, el juez de Garant\u00edas hizo lugar al pedido y dispuso mantener la medida cautelar mientras avanzan las tareas de investigaci\u00f3n y se completan las pruebas pendientes.<\/p>\n\n\n\n<p><\/p>\n<div class=\"fb-background-color\">\n\t\t\t  <div \n\t\t\t  \tclass = \"fb-comments\" \n\t\t\t  \tdata-href = \"https:\/\/www.elpolitologoyelpolitico.com.ar\/wordpress\/2025\/11\/13\/prorrogan-la-prision-preventiva-de-un-hombre-acusado-de-homicidio-agravado-en-viedma\/\"\n\t\t\t  \tdata-numposts = \"10\"\n\t\t\t  \tdata-lazy = \"true\"\n\t\t\t\tdata-colorscheme = \"light\"\n\t\t\t\tdata-order-by = \"social\"\n\t\t\t\tdata-mobile=true>\n\t\t\t  <\/div><\/div>\n\t\t  <style>\n\t\t    .fb-background-color {\n\t\t\t\tbackground: #ffffff !important;\n\t\t\t}\n\t\t\t.fb_iframe_widget_fluid_desktop iframe {\n\t\t\t    width: 100% !important;\n\t\t\t}\n\t\t  <\/style>\n\t\t  ","protected":false},"excerpt":{"rendered":"<p>La Justicia de R\u00edo Negro resolvi\u00f3 extender por cuatro meses la prisi\u00f3n preventiva del hombre acusado del homicidio agravado por ensa\u00f1amiento de Facundo Gerardo Romero, ocurrido el pasado 7 de agosto en Viedma. Seg\u00fan la investigaci\u00f3n, la v\u00edctima fue atacada dentro de una vivienda y sufri\u00f3 graves lesiones, entre ellas una fractura de cr\u00e1neo y [&hellip;]<\/p>\n","protected":false},"author":4,"featured_media":42936,"comment_status":"closed","ping_status":"closed","sticky":false,"template":"","format":"standard","meta":{"_joinchat":[],"footnotes":""},"categories":[39],"tags":[],"class_list":["post-42934","post","type-post","status-publish","format-standard","has-post-thumbnail","hentry","category-en-esta-seccion"],"_links":{"self":[{"href":"https:\/\/www.elpolitologoyelpolitico.com.ar\/wordpress\/wp-json\/wp\/v2\/posts\/42934","targetHints":{"allow":["GET"]}}],"collection":[{"href":"https:\/\/www.elpolitologoyelpolitico.com.ar\/wordpress\/wp-json\/wp\/v2\/posts"}],"about":[{"href":"https:\/\/www.elpolitologoyelpolitico.com.ar\/wordpress\/wp-json\/wp\/v2\/types\/post"}],"author":[{"embeddable":true,"href":"https:\/\/www.elpolitologoyelpolitico.com.ar\/wordpress\/wp-json\/wp\/v2\/users\/4"}],"replies":[{"embeddable":true,"href":"https:\/\/www.elpolitologoyelpolitico.com.ar\/wordpress\/wp-json\/wp\/v2\/comments?post=42934"}],"version-history":[{"count":4,"href":"https:\/\/www.elpolitologoyelpolitico.com.ar\/wordpress\/wp-json\/wp\/v2\/posts\/42934\/revisions"}],"predecessor-version":[{"id":42939,"href":"https:\/\/www.elpolitologoyelpolitico.com.ar\/wordpress\/wp-json\/wp\/v2\/posts\/42934\/revisions\/42939"}],"wp:featuredmedia":[{"embeddable":true,"href":"https:\/\/www.elpolitologoyelpolitico.com.ar\/wordpress\/wp-json\/wp\/v2\/media\/42936"}],"wp:attachment":[{"href":"https:\/\/www.elpolitologoyelpolitico.com.ar\/wordpress\/wp-json\/wp\/v2\/media?parent=42934"}],"wp:term":[{"taxonomy":"category","embeddable":true,"href":"https:\/\/www.elpolitologoyelpolitico.com.ar\/wordpress\/wp-json\/wp\/v2\/categories?post=42934"},{"taxonomy":"post_tag","embeddable":true,"href":"https:\/\/www.elpolitologoyelpolitico.com.ar\/wordpress\/wp-json\/wp\/v2\/tags?post=42934"}],"curies":[{"name":"wp","href":"https:\/\/api.w.org\/{rel}","templated":true}]}}