{"id":42929,"date":"2025-11-12T23:22:32","date_gmt":"2025-11-13T02:22:32","guid":{"rendered":"https:\/\/www.elpolitologoyelpolitico.com.ar\/wordpress\/?p=42929"},"modified":"2025-11-12T23:22:33","modified_gmt":"2025-11-13T02:22:33","slug":"delincuentes-ingresaron-a-un-parador-en-el-condor-se-llevaron-bebidas-helado-y-otras-pertenecias","status":"publish","type":"post","link":"https:\/\/www.elpolitologoyelpolitico.com.ar\/wordpress\/2025\/11\/12\/delincuentes-ingresaron-a-un-parador-en-el-condor-se-llevaron-bebidas-helado-y-otras-pertenecias\/","title":{"rendered":"Delincuentes ingresaron a un parador en El C\u00f3ndor: se llevaron bebidas, helado y otras pertenec\u00edas"},"content":{"rendered":"\n<p class=\"has-medium-font-size\">Un nuevo hecho de inseguridad tuvo lugar durante la madrugada en la villa mar\u00edtima El C\u00f3ndor. Los delincuentes forzaron el port\u00f3n de ingreso de un parador ubicado en la playa central y sustrajeron mercader\u00eda, helados, bebidas, una pava el\u00e9ctrica y un parlante.<\/p>\n\n\n\n<figure class=\"wp-block-image size-full\"><img fetchpriority=\"high\" decoding=\"async\" width=\"528\" height=\"960\" src=\"https:\/\/www.elpolitologoyelpolitico.com.ar\/wp-content\/uploads\/2025\/11\/WhatsApp-Image-2025-11-12-at-22.35.31-2.jpeg\" alt=\"\" class=\"wp-image-42931\" srcset=\"https:\/\/www.elpolitologoyelpolitico.com.ar\/wp-content\/uploads\/2025\/11\/WhatsApp-Image-2025-11-12-at-22.35.31-2.jpeg 528w, https:\/\/www.elpolitologoyelpolitico.com.ar\/wp-content\/uploads\/2025\/11\/WhatsApp-Image-2025-11-12-at-22.35.31-2-165x300.jpeg 165w\" sizes=\"(max-width: 528px) 100vw, 528px\" \/><\/figure>\n\n\n\n<p class=\"has-medium-font-size\">Seg\u00fan contaron los responsables del local, el parlante \u2014de gran tama\u00f1o y peso\u2014 fue posteriormente recuperado, ya que los autores del robo lo abandonaron en la arena al no poder trasladarlo.<\/p>\n\n\n\n<p class=\"has-medium-font-size\">Los damnificados expresaron su indignaci\u00f3n por la situaci\u00f3n y advirtieron a otros comerciantes y vecinos sobre la necesidad de extremar las precauciones. \u201cEn cuesti\u00f3n de momentos te rompen lo que haces trabajando todos los d\u00edas\u2026 lamentablemente estas lacras est\u00e1n ac\u00e1, as\u00ed que a cuidar sus cosas\u201d, se\u00f1alaron.<\/p>\n\n\n\n<figure class=\"wp-block-image size-large\"><img decoding=\"async\" width=\"465\" height=\"1024\" src=\"https:\/\/www.elpolitologoyelpolitico.com.ar\/wp-content\/uploads\/2025\/11\/WhatsApp-Image-2025-11-12-at-22.35.31-1-465x1024.jpeg\" alt=\"\" class=\"wp-image-42932\" srcset=\"https:\/\/www.elpolitologoyelpolitico.com.ar\/wp-content\/uploads\/2025\/11\/WhatsApp-Image-2025-11-12-at-22.35.31-1-465x1024.jpeg 465w, https:\/\/www.elpolitologoyelpolitico.com.ar\/wp-content\/uploads\/2025\/11\/WhatsApp-Image-2025-11-12-at-22.35.31-1-136x300.jpeg 136w, https:\/\/www.elpolitologoyelpolitico.com.ar\/wp-content\/uploads\/2025\/11\/WhatsApp-Image-2025-11-12-at-22.35.31-1-698x1536.jpeg 698w, https:\/\/www.elpolitologoyelpolitico.com.ar\/wp-content\/uploads\/2025\/11\/WhatsApp-Image-2025-11-12-at-22.35.31-1.jpeg 727w\" sizes=\"(max-width: 465px) 100vw, 465px\" \/><\/figure>\n<div class=\"fb-background-color\">\n\t\t\t  <div \n\t\t\t  \tclass = \"fb-comments\" \n\t\t\t  \tdata-href = \"https:\/\/www.elpolitologoyelpolitico.com.ar\/wordpress\/2025\/11\/12\/delincuentes-ingresaron-a-un-parador-en-el-condor-se-llevaron-bebidas-helado-y-otras-pertenecias\/\"\n\t\t\t  \tdata-numposts = \"10\"\n\t\t\t  \tdata-lazy = \"true\"\n\t\t\t\tdata-colorscheme = \"light\"\n\t\t\t\tdata-order-by = \"social\"\n\t\t\t\tdata-mobile=true>\n\t\t\t  <\/div><\/div>\n\t\t  <style>\n\t\t    .fb-background-color {\n\t\t\t\tbackground: #ffffff !important;\n\t\t\t}\n\t\t\t.fb_iframe_widget_fluid_desktop iframe {\n\t\t\t    width: 100% !important;\n\t\t\t}\n\t\t  <\/style>\n\t\t  ","protected":false},"excerpt":{"rendered":"<p>Un nuevo hecho de inseguridad tuvo lugar durante la madrugada en la villa mar\u00edtima El C\u00f3ndor. Los delincuentes forzaron el port\u00f3n de ingreso de un parador ubicado en la playa central y sustrajeron mercader\u00eda, helados, bebidas, una pava el\u00e9ctrica y un parlante. Seg\u00fan contaron los responsables del local, el parlante \u2014de gran tama\u00f1o y peso\u2014 [&hellip;]<\/p>\n","protected":false},"author":4,"featured_media":42930,"comment_status":"closed","ping_status":"closed","sticky":false,"template":"","format":"standard","meta":{"_joinchat":[],"footnotes":""},"categories":[39],"tags":[],"class_list":["post-42929","post","type-post","status-publish","format-standard","has-post-thumbnail","hentry","category-en-esta-seccion"],"_links":{"self":[{"href":"https:\/\/www.elpolitologoyelpolitico.com.ar\/wordpress\/wp-json\/wp\/v2\/posts\/42929","targetHints":{"allow":["GET"]}}],"collection":[{"href":"https:\/\/www.elpolitologoyelpolitico.com.ar\/wordpress\/wp-json\/wp\/v2\/posts"}],"about":[{"href":"https:\/\/www.elpolitologoyelpolitico.com.ar\/wordpress\/wp-json\/wp\/v2\/types\/post"}],"author":[{"embeddable":true,"href":"https:\/\/www.elpolitologoyelpolitico.com.ar\/wordpress\/wp-json\/wp\/v2\/users\/4"}],"replies":[{"embeddable":true,"href":"https:\/\/www.elpolitologoyelpolitico.com.ar\/wordpress\/wp-json\/wp\/v2\/comments?post=42929"}],"version-history":[{"count":1,"href":"https:\/\/www.elpolitologoyelpolitico.com.ar\/wordpress\/wp-json\/wp\/v2\/posts\/42929\/revisions"}],"predecessor-version":[{"id":42933,"href":"https:\/\/www.elpolitologoyelpolitico.com.ar\/wordpress\/wp-json\/wp\/v2\/posts\/42929\/revisions\/42933"}],"wp:featuredmedia":[{"embeddable":true,"href":"https:\/\/www.elpolitologoyelpolitico.com.ar\/wordpress\/wp-json\/wp\/v2\/media\/42930"}],"wp:attachment":[{"href":"https:\/\/www.elpolitologoyelpolitico.com.ar\/wordpress\/wp-json\/wp\/v2\/media?parent=42929"}],"wp:term":[{"taxonomy":"category","embeddable":true,"href":"https:\/\/www.elpolitologoyelpolitico.com.ar\/wordpress\/wp-json\/wp\/v2\/categories?post=42929"},{"taxonomy":"post_tag","embeddable":true,"href":"https:\/\/www.elpolitologoyelpolitico.com.ar\/wordpress\/wp-json\/wp\/v2\/tags?post=42929"}],"curies":[{"name":"wp","href":"https:\/\/api.w.org\/{rel}","templated":true}]}}