{"id":42923,"date":"2025-11-12T23:10:30","date_gmt":"2025-11-13T02:10:30","guid":{"rendered":"https:\/\/www.elpolitologoyelpolitico.com.ar\/wordpress\/?p=42923"},"modified":"2025-11-12T23:10:31","modified_gmt":"2025-11-13T02:10:31","slug":"acusan-a-un-enfermero-de-carmen-de-patagones-por-abuso-sexual-la-victima-reclama-justicia","status":"publish","type":"post","link":"https:\/\/www.elpolitologoyelpolitico.com.ar\/wordpress\/2025\/11\/12\/acusan-a-un-enfermero-de-carmen-de-patagones-por-abuso-sexual-la-victima-reclama-justicia\/","title":{"rendered":"Acusan a un enfermero de Carmen de Patagones por abuso sexual: la victima reclama Justicia"},"content":{"rendered":"\n<p class=\"has-medium-font-size\">Una grave denuncia por abuso sexual volvi\u00f3 a poner en debate la lentitud judicial y la falta de respuestas de las autoridades. La madre de una joven v\u00edctima decidi\u00f3 hacer p\u00fablico el caso y difundir la identidad del acusado, identificado como Daniel Curaqueo, quien actualmente trabaja como personal de salud en el Hospital Municipal Pedro Ecay de Carmen de Patagones.<\/p>\n\n\n\n<p class=\"has-medium-font-size\">Seg\u00fan inform\u00f3 la mujer, los hechos fueron cometidos en la ciudad de Olavarr\u00eda, y la causa \u2014caratulada como abuso sexual con acceso carnal, IPP 5652\/22\u2014 permanece en tr\u00e1mite judicial. Sin embargo, ante la falta de avances, la familia resolvi\u00f3 exponer la situaci\u00f3n p\u00fablicamente.<\/p>\n\n\n\n<p class=\"has-medium-font-size\">La madre de la v\u00edctima, Carolina D\u00edaz, se comunic\u00f3 con el secretario de Salud del municipio, Mart\u00edn Calvo, y se\u00f1al\u00f3 que tanto \u00e9l como el intendente est\u00e1n al tanto del caso. En su mensaje expres\u00f3:<\/p>\n\n\n\n<p class=\"has-medium-font-size\">\u201cTiene un abusador trabajando en el hospital. Estoy a su disposici\u00f3n, quiero elevar las pruebas y denuncias. No voy a parar hasta que se le saque el t\u00edtulo de enfermero. Que se haga justicia\u201d.<\/p>\n\n\n\n<p class=\"has-medium-font-size\">Seg\u00fan su testimonio, Curaqueo se habr\u00eda trasladado a Carmen de Patagones tras los hechos ocurridos en Olavarr\u00eda y hoy mantiene una relaci\u00f3n laboral con la Municipalidad como enfermero. \u201cLa justicia se toma su tiempo, y las v\u00edctimas se cansan de tanta burocracia y revictimizaci\u00f3n\u201d, expres\u00f3 la denunciante, quien exige que se adopten medidas concretas para apartarlo de sus funciones hasta que la causa judicial avance.<\/p>\n\n\n\n<figure class=\"wp-block-image size-large\"><img fetchpriority=\"high\" decoding=\"async\" width=\"769\" height=\"1024\" src=\"https:\/\/www.elpolitologoyelpolitico.com.ar\/wp-content\/uploads\/2025\/11\/WhatsApp-Image-2025-11-12-at-22.00.10-769x1024.jpeg\" alt=\"\" class=\"wp-image-42926\" srcset=\"https:\/\/www.elpolitologoyelpolitico.com.ar\/wp-content\/uploads\/2025\/11\/WhatsApp-Image-2025-11-12-at-22.00.10-769x1024.jpeg 769w, https:\/\/www.elpolitologoyelpolitico.com.ar\/wp-content\/uploads\/2025\/11\/WhatsApp-Image-2025-11-12-at-22.00.10-225x300.jpeg 225w, https:\/\/www.elpolitologoyelpolitico.com.ar\/wp-content\/uploads\/2025\/11\/WhatsApp-Image-2025-11-12-at-22.00.10-768x1022.jpeg 768w, https:\/\/www.elpolitologoyelpolitico.com.ar\/wp-content\/uploads\/2025\/11\/WhatsApp-Image-2025-11-12-at-22.00.10-1154x1536.jpeg 1154w, https:\/\/www.elpolitologoyelpolitico.com.ar\/wp-content\/uploads\/2025\/11\/WhatsApp-Image-2025-11-12-at-22.00.10.jpeg 1170w\" sizes=\"(max-width: 769px) 100vw, 769px\" \/><\/figure>\n\n\n\n<p><\/p>\n<div class=\"fb-background-color\">\n\t\t\t  <div \n\t\t\t  \tclass = \"fb-comments\" \n\t\t\t  \tdata-href = \"https:\/\/www.elpolitologoyelpolitico.com.ar\/wordpress\/2025\/11\/12\/acusan-a-un-enfermero-de-carmen-de-patagones-por-abuso-sexual-la-victima-reclama-justicia\/\"\n\t\t\t  \tdata-numposts = \"10\"\n\t\t\t  \tdata-lazy = \"true\"\n\t\t\t\tdata-colorscheme = \"light\"\n\t\t\t\tdata-order-by = \"social\"\n\t\t\t\tdata-mobile=true>\n\t\t\t  <\/div><\/div>\n\t\t  <style>\n\t\t    .fb-background-color {\n\t\t\t\tbackground: #ffffff !important;\n\t\t\t}\n\t\t\t.fb_iframe_widget_fluid_desktop iframe {\n\t\t\t    width: 100% !important;\n\t\t\t}\n\t\t  <\/style>\n\t\t  ","protected":false},"excerpt":{"rendered":"<p>Una grave denuncia por abuso sexual volvi\u00f3 a poner en debate la lentitud judicial y la falta de respuestas de las autoridades. La madre de una joven v\u00edctima decidi\u00f3 hacer p\u00fablico el caso y difundir la identidad del acusado, identificado como Daniel Curaqueo, quien actualmente trabaja como personal de salud en el Hospital Municipal Pedro [&hellip;]<\/p>\n","protected":false},"author":4,"featured_media":42925,"comment_status":"closed","ping_status":"closed","sticky":false,"template":"","format":"standard","meta":{"_joinchat":[],"footnotes":""},"categories":[39],"tags":[],"class_list":["post-42923","post","type-post","status-publish","format-standard","has-post-thumbnail","hentry","category-en-esta-seccion"],"_links":{"self":[{"href":"https:\/\/www.elpolitologoyelpolitico.com.ar\/wordpress\/wp-json\/wp\/v2\/posts\/42923","targetHints":{"allow":["GET"]}}],"collection":[{"href":"https:\/\/www.elpolitologoyelpolitico.com.ar\/wordpress\/wp-json\/wp\/v2\/posts"}],"about":[{"href":"https:\/\/www.elpolitologoyelpolitico.com.ar\/wordpress\/wp-json\/wp\/v2\/types\/post"}],"author":[{"embeddable":true,"href":"https:\/\/www.elpolitologoyelpolitico.com.ar\/wordpress\/wp-json\/wp\/v2\/users\/4"}],"replies":[{"embeddable":true,"href":"https:\/\/www.elpolitologoyelpolitico.com.ar\/wordpress\/wp-json\/wp\/v2\/comments?post=42923"}],"version-history":[{"count":3,"href":"https:\/\/www.elpolitologoyelpolitico.com.ar\/wordpress\/wp-json\/wp\/v2\/posts\/42923\/revisions"}],"predecessor-version":[{"id":42928,"href":"https:\/\/www.elpolitologoyelpolitico.com.ar\/wordpress\/wp-json\/wp\/v2\/posts\/42923\/revisions\/42928"}],"wp:featuredmedia":[{"embeddable":true,"href":"https:\/\/www.elpolitologoyelpolitico.com.ar\/wordpress\/wp-json\/wp\/v2\/media\/42925"}],"wp:attachment":[{"href":"https:\/\/www.elpolitologoyelpolitico.com.ar\/wordpress\/wp-json\/wp\/v2\/media?parent=42923"}],"wp:term":[{"taxonomy":"category","embeddable":true,"href":"https:\/\/www.elpolitologoyelpolitico.com.ar\/wordpress\/wp-json\/wp\/v2\/categories?post=42923"},{"taxonomy":"post_tag","embeddable":true,"href":"https:\/\/www.elpolitologoyelpolitico.com.ar\/wordpress\/wp-json\/wp\/v2\/tags?post=42923"}],"curies":[{"name":"wp","href":"https:\/\/api.w.org\/{rel}","templated":true}]}}