{"id":42919,"date":"2025-11-12T13:52:30","date_gmt":"2025-11-12T16:52:30","guid":{"rendered":"https:\/\/www.elpolitologoyelpolitico.com.ar\/wordpress\/?p=42919"},"modified":"2025-11-12T13:52:31","modified_gmt":"2025-11-12T16:52:31","slug":"atencion-medica-gratuita-para-deportistas-en-patagones-como-y-cuando-acceder","status":"publish","type":"post","link":"https:\/\/www.elpolitologoyelpolitico.com.ar\/wordpress\/2025\/11\/12\/atencion-medica-gratuita-para-deportistas-en-patagones-como-y-cuando-acceder\/","title":{"rendered":"Atenci\u00f3n m\u00e9dica gratuita para deportistas en Patagones: c\u00f3mo y cu\u00e1ndo acceder"},"content":{"rendered":"\n<figure class=\"wp-block-audio\"><audio controls src=\"https:\/\/www.elpolitologoyelpolitico.com.ar\/wp-content\/uploads\/2025\/11\/2025-11-11-Luciano-Sepulveda.mp3\"><\/audio><\/figure>\n\n\n\n<p class=\"has-medium-font-size\">La Direcci\u00f3n de Deportes de Patagones inform\u00f3 que se puso en marcha un servicio de atenci\u00f3n m\u00e9dica gratuita para completar las planillas exigidas a quienes realizan actividades deportivas bajo la \u00f3rbita municipal. El objetivo es facilitar el acceso al apto f\u00edsico, un requisito indispensable para garantizar el seguro y la participaci\u00f3n en las distintas disciplinas.<\/p>\n\n\n\n<p class=\"has-medium-font-size\">Seg\u00fan explic\u00f3 el director de Deportes, Luciano Sep\u00falveda, el \u00e1rea cuenta ahora con personal m\u00e9dico y de enfermer\u00eda que se encarga de evaluar a vecinos de todas las edades \u2014ni\u00f1os, j\u00f3venes y adultos\u2014 directamente en el Polideportivo Municipal.<\/p>\n\n\n\n<p class=\"has-medium-font-size\">El servicio se brinda los d\u00edas martes. Los vecinos pueden acercarse desde las 7 de la ma\u00f1ana; el m\u00e9dico comienza a atender alrededor de las 8\/8:15 y permanece hasta las 10 o 10:30, seg\u00fan la demanda. Se entregan 20 turnos por orden de llegada, aunque se procura no dejar a nadie sin atenci\u00f3n. El personal m\u00e9dico realiza los controles necesarios y gestiona la planilla requerida para comenzar o continuar con actividades deportivas.<\/p>\n\n\n\n<p class=\"has-medium-font-size\">Sep\u00falveda se\u00f1al\u00f3 que esta iniciativa surgi\u00f3 a partir de la necesidad de simplificar el tr\u00e1mite: muchas personas deb\u00edan trasladarse al hospital o a lugares privados, lo que representaba mayores complicaciones. Desde la Direcci\u00f3n se facilita incluso la planilla para completar.<\/p>\n\n\n\n<p class=\"has-medium-font-size\">El funcionario record\u00f3 que la medida es clave para cumplir con los requisitos de programas como los Juegos Bonaerenses y para quienes participan en disciplinas municipales. A nivel local, m\u00e1s de 5.800 personas practican actividad f\u00edsica y cada a\u00f1o deben renovar la documentaci\u00f3n, de modo que el servicio permitir\u00e1 agilizar el proceso de cara al 2026.<\/p>\n\n\n\n<p class=\"has-medium-font-size\">Adem\u00e1s, Sep\u00falveda adelant\u00f3 diversas propuestas deportivas previstas para la temporada de verano, entre ellas torneos de beach handball y beach v\u00f3ley en el caj\u00f3n de arena, organizados junto con entidades vinculadas a estos deportes. Tambi\u00e9n se\u00f1al\u00f3 que trabajan en la ampliaci\u00f3n de ese espacio al aire libre, lo cual permitir\u00eda contar con dos canchas paralelas y as\u00ed recibir eventos de car\u00e1cter nacional o sudamericano.<\/p>\n\n\n\n<p class=\"has-medium-font-size\">En cuanto al canotaje, anunci\u00f3 que se realizar\u00e1 la primera edici\u00f3n de la regata \u201cLa Maragata\u201d, que se desarrollar\u00e1 durante el fin de semana largo del 20 al 22 de noviembre. La competencia tendr\u00e1 cuatro etapas, desde Guardia Mitre hasta Patagones, organizada junto al club Piedra Buena y la escuela municipal de canotaje.<\/p>\n\n\n\n<p class=\"has-medium-font-size\">Sobre el f\u00fatbol local, Sep\u00falveda evalu\u00f3 positivamente el a\u00f1o en curso y detall\u00f3 que la primera, segunda y veteranos se desarrollan con normalidad. En relaci\u00f3n a las divisiones inferiores, explic\u00f3 que el campeonato no pudo realizarse en esta etapa debido a la falta de riego en la cancha del Polideportivo, lo que impide mantener el c\u00e9sped en condiciones. Asegur\u00f3 que ya trabajan en una soluci\u00f3n y que la intenci\u00f3n es organizar un torneo durante diciembre y, posiblemente, tambi\u00e9n en enero, en horario vespertino o nocturno para evitar las altas temperaturas.<\/p>\n\n\n\n<p class=\"has-medium-font-size\">Por \u00faltimo, el funcionario remarc\u00f3 la importancia de recibir cr\u00edticas, siempre y cuando sean con respeto, ya que considera que son una herramienta para seguir mejorando las propuestas deportivas del distrito.<\/p>\n<div class=\"fb-background-color\">\n\t\t\t  <div \n\t\t\t  \tclass = \"fb-comments\" \n\t\t\t  \tdata-href = \"https:\/\/www.elpolitologoyelpolitico.com.ar\/wordpress\/2025\/11\/12\/atencion-medica-gratuita-para-deportistas-en-patagones-como-y-cuando-acceder\/\"\n\t\t\t  \tdata-numposts = \"10\"\n\t\t\t  \tdata-lazy = \"true\"\n\t\t\t\tdata-colorscheme = \"light\"\n\t\t\t\tdata-order-by = \"social\"\n\t\t\t\tdata-mobile=true>\n\t\t\t  <\/div><\/div>\n\t\t  <style>\n\t\t    .fb-background-color {\n\t\t\t\tbackground: #ffffff !important;\n\t\t\t}\n\t\t\t.fb_iframe_widget_fluid_desktop iframe {\n\t\t\t    width: 100% !important;\n\t\t\t}\n\t\t  <\/style>\n\t\t  ","protected":false},"excerpt":{"rendered":"<p>La Direcci\u00f3n de Deportes de Patagones inform\u00f3 que se puso en marcha un servicio de atenci\u00f3n m\u00e9dica gratuita para completar las planillas exigidas a quienes realizan actividades deportivas bajo la \u00f3rbita municipal. El objetivo es facilitar el acceso al apto f\u00edsico, un requisito indispensable para garantizar el seguro y la participaci\u00f3n en las distintas disciplinas. [&hellip;]<\/p>\n","protected":false},"author":4,"featured_media":42920,"comment_status":"closed","ping_status":"closed","sticky":false,"template":"","format":"standard","meta":{"_joinchat":[],"footnotes":""},"categories":[39],"tags":[],"class_list":["post-42919","post","type-post","status-publish","format-standard","has-post-thumbnail","hentry","category-en-esta-seccion"],"_links":{"self":[{"href":"https:\/\/www.elpolitologoyelpolitico.com.ar\/wordpress\/wp-json\/wp\/v2\/posts\/42919","targetHints":{"allow":["GET"]}}],"collection":[{"href":"https:\/\/www.elpolitologoyelpolitico.com.ar\/wordpress\/wp-json\/wp\/v2\/posts"}],"about":[{"href":"https:\/\/www.elpolitologoyelpolitico.com.ar\/wordpress\/wp-json\/wp\/v2\/types\/post"}],"author":[{"embeddable":true,"href":"https:\/\/www.elpolitologoyelpolitico.com.ar\/wordpress\/wp-json\/wp\/v2\/users\/4"}],"replies":[{"embeddable":true,"href":"https:\/\/www.elpolitologoyelpolitico.com.ar\/wordpress\/wp-json\/wp\/v2\/comments?post=42919"}],"version-history":[{"count":1,"href":"https:\/\/www.elpolitologoyelpolitico.com.ar\/wordpress\/wp-json\/wp\/v2\/posts\/42919\/revisions"}],"predecessor-version":[{"id":42922,"href":"https:\/\/www.elpolitologoyelpolitico.com.ar\/wordpress\/wp-json\/wp\/v2\/posts\/42919\/revisions\/42922"}],"wp:featuredmedia":[{"embeddable":true,"href":"https:\/\/www.elpolitologoyelpolitico.com.ar\/wordpress\/wp-json\/wp\/v2\/media\/42920"}],"wp:attachment":[{"href":"https:\/\/www.elpolitologoyelpolitico.com.ar\/wordpress\/wp-json\/wp\/v2\/media?parent=42919"}],"wp:term":[{"taxonomy":"category","embeddable":true,"href":"https:\/\/www.elpolitologoyelpolitico.com.ar\/wordpress\/wp-json\/wp\/v2\/categories?post=42919"},{"taxonomy":"post_tag","embeddable":true,"href":"https:\/\/www.elpolitologoyelpolitico.com.ar\/wordpress\/wp-json\/wp\/v2\/tags?post=42919"}],"curies":[{"name":"wp","href":"https:\/\/api.w.org\/{rel}","templated":true}]}}