{"id":42908,"date":"2025-11-10T20:51:27","date_gmt":"2025-11-10T23:51:27","guid":{"rendered":"https:\/\/www.elpolitologoyelpolitico.com.ar\/wordpress\/?p=42908"},"modified":"2025-11-11T13:08:10","modified_gmt":"2025-11-11T16:08:10","slug":"denuncian-al-delegado-de-cardenal-cagliero-fernando-cumilaf-por-presuntos-hechos-de-violencia-familiar","status":"publish","type":"post","link":"https:\/\/www.elpolitologoyelpolitico.com.ar\/wordpress\/2025\/11\/10\/denuncian-al-delegado-de-cardenal-cagliero-fernando-cumilaf-por-presuntos-hechos-de-violencia-familiar\/","title":{"rendered":"Denuncian al delegado de Cardenal Cagliero, Fernando Cumilaf, por presuntos hechos de violencia familiar"},"content":{"rendered":"\n<p class=\"has-medium-font-size\">En los \u00faltimos d\u00edas se viralizaron en redes sociales diversas publicaciones que denuncian al delegado de Cardenal Cagliero, Fernando Cumilaf, por presuntos episodios de violencia f\u00edsica y psicol\u00f3gica contra su ex-pareja y sus hijas menores.<\/p>\n\n\n\n<p class=\"has-medium-font-size\">De acuerdo con lo difundido, Cumilaf habr\u00eda ejercido agresiones reiteradas, afectando la salud emocional de la mujer y someti\u00e9ndola a situaciones de control y maltrato. Las publicaciones sostienen adem\u00e1s que \u00e9l habr\u00eda impedido que su ex-pareja contin\u00fae sus estudios y que no cumplir\u00eda con obligaciones econ\u00f3micas hacia sus hijas.<\/p>\n\n\n\n<p class=\"has-medium-font-size\">Seg\u00fan los textos, la madre y tres menores se encontrar\u00edan en situaci\u00f3n de vulnerabilidad y sin acompa\u00f1amiento institucional. En las publicaciones tambi\u00e9n se afirma que el funcionario habr\u00eda utilizado un veh\u00edculo oficial para perseguir a la mujer sobre la ruta, situaci\u00f3n que \u2014seg\u00fan quienes denuncian\u2014 estar\u00eda documentada.<\/p>\n\n\n\n<p class=\"has-medium-font-size\">Adem\u00e1s, se\u00f1alan que ciertas autoridades locales habr\u00edan intentado impedir que se radicara una denuncia formal, y cuestionan la falta de intervenci\u00f3n municipal ante la gravedad de la situaci\u00f3n.<\/p>\n\n\n\n<p class=\"has-medium-font-size\">Por el momento, no se dieron a conocer comunicados oficiales de la Municipalidad de Patagones ni de \u00e1reas vinculadas a pol\u00edticas de g\u00e9nero que aclaren si se iniciaron actuaciones administrativas o judiciales.<\/p>\n\n\n\n<p class=\"has-medium-font-size\">Las publicaciones reclaman la intervenci\u00f3n urgente de los organismos correspondientes para garantizar la protecci\u00f3n de la mujer y de las ni\u00f1as, y solicitan difusi\u00f3n del caso.<\/p>\n\n\n\n<figure class=\"wp-block-image size-large\"><img fetchpriority=\"high\" decoding=\"async\" width=\"679\" height=\"1024\" src=\"https:\/\/www.elpolitologoyelpolitico.com.ar\/wp-content\/uploads\/2025\/11\/579200435_1062393712561613_7513312624026339560_n-679x1024.jpg\" alt=\"\" class=\"wp-image-42911\" srcset=\"https:\/\/www.elpolitologoyelpolitico.com.ar\/wp-content\/uploads\/2025\/11\/579200435_1062393712561613_7513312624026339560_n-679x1024.jpg 679w, https:\/\/www.elpolitologoyelpolitico.com.ar\/wp-content\/uploads\/2025\/11\/579200435_1062393712561613_7513312624026339560_n-199x300.jpg 199w, https:\/\/www.elpolitologoyelpolitico.com.ar\/wp-content\/uploads\/2025\/11\/579200435_1062393712561613_7513312624026339560_n-768x1158.jpg 768w, https:\/\/www.elpolitologoyelpolitico.com.ar\/wp-content\/uploads\/2025\/11\/579200435_1062393712561613_7513312624026339560_n-1018x1536.jpg 1018w, https:\/\/www.elpolitologoyelpolitico.com.ar\/wp-content\/uploads\/2025\/11\/579200435_1062393712561613_7513312624026339560_n.jpg 1080w\" sizes=\"(max-width: 679px) 100vw, 679px\" \/><\/figure>\n<div class=\"fb-background-color\">\n\t\t\t  <div \n\t\t\t  \tclass = \"fb-comments\" \n\t\t\t  \tdata-href = \"https:\/\/www.elpolitologoyelpolitico.com.ar\/wordpress\/2025\/11\/10\/denuncian-al-delegado-de-cardenal-cagliero-fernando-cumilaf-por-presuntos-hechos-de-violencia-familiar\/\"\n\t\t\t  \tdata-numposts = \"10\"\n\t\t\t  \tdata-lazy = \"true\"\n\t\t\t\tdata-colorscheme = \"light\"\n\t\t\t\tdata-order-by = \"social\"\n\t\t\t\tdata-mobile=true>\n\t\t\t  <\/div><\/div>\n\t\t  <style>\n\t\t    .fb-background-color {\n\t\t\t\tbackground: #ffffff !important;\n\t\t\t}\n\t\t\t.fb_iframe_widget_fluid_desktop iframe {\n\t\t\t    width: 100% !important;\n\t\t\t}\n\t\t  <\/style>\n\t\t  ","protected":false},"excerpt":{"rendered":"<p>En los \u00faltimos d\u00edas se viralizaron en redes sociales diversas publicaciones que denuncian al delegado de Cardenal Cagliero, Fernando Cumilaf, por presuntos episodios de violencia f\u00edsica y psicol\u00f3gica contra su ex-pareja y sus hijas menores. De acuerdo con lo difundido, Cumilaf habr\u00eda ejercido agresiones reiteradas, afectando la salud emocional de la mujer y someti\u00e9ndola a [&hellip;]<\/p>\n","protected":false},"author":4,"featured_media":42909,"comment_status":"closed","ping_status":"closed","sticky":false,"template":"","format":"standard","meta":{"_joinchat":[],"footnotes":""},"categories":[21],"tags":[],"class_list":["post-42908","post","type-post","status-publish","format-standard","has-post-thumbnail","hentry","category-actores-politicos"],"_links":{"self":[{"href":"https:\/\/www.elpolitologoyelpolitico.com.ar\/wordpress\/wp-json\/wp\/v2\/posts\/42908","targetHints":{"allow":["GET"]}}],"collection":[{"href":"https:\/\/www.elpolitologoyelpolitico.com.ar\/wordpress\/wp-json\/wp\/v2\/posts"}],"about":[{"href":"https:\/\/www.elpolitologoyelpolitico.com.ar\/wordpress\/wp-json\/wp\/v2\/types\/post"}],"author":[{"embeddable":true,"href":"https:\/\/www.elpolitologoyelpolitico.com.ar\/wordpress\/wp-json\/wp\/v2\/users\/4"}],"replies":[{"embeddable":true,"href":"https:\/\/www.elpolitologoyelpolitico.com.ar\/wordpress\/wp-json\/wp\/v2\/comments?post=42908"}],"version-history":[{"count":2,"href":"https:\/\/www.elpolitologoyelpolitico.com.ar\/wordpress\/wp-json\/wp\/v2\/posts\/42908\/revisions"}],"predecessor-version":[{"id":42912,"href":"https:\/\/www.elpolitologoyelpolitico.com.ar\/wordpress\/wp-json\/wp\/v2\/posts\/42908\/revisions\/42912"}],"wp:featuredmedia":[{"embeddable":true,"href":"https:\/\/www.elpolitologoyelpolitico.com.ar\/wordpress\/wp-json\/wp\/v2\/media\/42909"}],"wp:attachment":[{"href":"https:\/\/www.elpolitologoyelpolitico.com.ar\/wordpress\/wp-json\/wp\/v2\/media?parent=42908"}],"wp:term":[{"taxonomy":"category","embeddable":true,"href":"https:\/\/www.elpolitologoyelpolitico.com.ar\/wordpress\/wp-json\/wp\/v2\/categories?post=42908"},{"taxonomy":"post_tag","embeddable":true,"href":"https:\/\/www.elpolitologoyelpolitico.com.ar\/wordpress\/wp-json\/wp\/v2\/tags?post=42908"}],"curies":[{"name":"wp","href":"https:\/\/api.w.org\/{rel}","templated":true}]}}