{"id":42898,"date":"2025-11-10T11:03:23","date_gmt":"2025-11-10T14:03:23","guid":{"rendered":"https:\/\/www.elpolitologoyelpolitico.com.ar\/wordpress\/?p=42898"},"modified":"2025-11-10T11:03:24","modified_gmt":"2025-11-10T14:03:24","slug":"vecinos-de-inalauquen-reclaman-intervencion-por-reiterados-episodios-de-violencia-y-disturbios","status":"publish","type":"post","link":"https:\/\/www.elpolitologoyelpolitico.com.ar\/wordpress\/2025\/11\/10\/vecinos-de-inalauquen-reclaman-intervencion-por-reiterados-episodios-de-violencia-y-disturbios\/","title":{"rendered":"Vecinos de Inalauquen reclaman intervenci\u00f3n por reiterados episodios de violencia y disturbios"},"content":{"rendered":"\n<p class=\"has-medium-font-size\">Residentes del sector ubicado en Yanquetruz 260, en el barrio Inalauquen, manifestaron gran preocupaci\u00f3n por reiterados episodios de violencia y disturbios que vienen registr\u00e1ndose desde hace aproximadamente un mes en uno de los departamentos del m\u00f3dulo habitacional.<\/p>\n\n\n\n<p class=\"has-medium-font-size\">Seg\u00fan relataron, en ese domicilio reside un joven recientemente liberado del complejo penal, con un amplio antecedente de causas judiciales y que, junto a su pareja \u2014ambos con problem\u00e1ticas de consumo\u2014 protagonizan situaciones de extrema tensi\u00f3n durante la noche y la madrugada.<\/p>\n\n\n\n<p class=\"has-medium-font-size\">Los vecinos aseguran que es frecuente escuchar discusiones, gritos, golpes, episodios de violencia mutua y da\u00f1os materiales dentro del domicilio. Tambi\u00e9n se\u00f1alan que los animales de la vivienda ser\u00edan maltratados. En algunos casos, la agresi\u00f3n habr\u00eda continuado en la v\u00eda p\u00fablica, afectando incluso veh\u00edculos estacionados en la zona.<\/p>\n\n\n\n<p class=\"has-medium-font-size\">La comunidad sostiene que la situaci\u00f3n se ha vuelto \u201cinsostenible\u201d, ya que muchas familias no pueden descansar debido a los ruidos y temen intervenir por la peligrosidad del contexto. Adem\u00e1s, afirman que desde la vivienda ingresan y egresan constantemente personas con presuntos v\u00ednculos delictivos, lo que genera temor e inseguridad.<\/p>\n\n\n\n<p class=\"has-medium-font-size\">\u201cSomos personas que trabajamos, que llevamos a nuestros hijos a la escuela. Vivimos preocupados por esta situaci\u00f3n que se agrava d\u00eda a d\u00eda. Tememos por nuestra seguridad y la de nuestros hijos. Ya no pueden jugar en el m\u00f3dulo; todo se volvi\u00f3 un ambiente hostil\u201d, expres\u00f3 una vecina.<\/p>\n\n\n\n<p class=\"has-medium-font-size\">Los residentes relatan que los episodios violentos son frecuentes y que han solicitado intervenci\u00f3n policial. Sin embargo, denuncian que los procedimientos no han logrado resolver el conflicto, lo que incrementa la sensaci\u00f3n de desprotecci\u00f3n.<\/p>\n\n\n\n<p class=\"has-medium-font-size\">\u201cEl m\u00f3dulo se convirti\u00f3 en tierra de nadie. Vivimos encerrados, no podemos salir tranquilos porque nos exponemos a situaciones imprevisibles. Solo queremos recuperar la tranquilidad\u201d, detallaron.<\/p>\n\n\n\n<p class=\"has-medium-font-size\">Las familias del sector piden la presencia de organismos estatales que puedan intervenir para resolver la problem\u00e1tica, tanto desde el plano judicial como desde el abordaje social, para garantizar seguridad, acompa\u00f1amiento y contenci\u00f3n.<\/p>\n\n\n\n<p class=\"has-medium-font-size\">\u201cCada hogar se transform\u00f3 en una prisi\u00f3n para los vecinos que trabajamos y cumplimos con nuestras obligaciones. Necesitamos respuestas para volver a vivir en paz\u201d, afirmaron.<\/p>\n\n\n\n<p class=\"has-medium-font-size\">Los habitantes de Yanquetruz 260 solicitan que las autoridades eval\u00faen soluciones urgentes ante esta situaci\u00f3n que, aseguran, contin\u00faa agrav\u00e1ndose.<\/p>\n<div class=\"fb-background-color\">\n\t\t\t  <div \n\t\t\t  \tclass = \"fb-comments\" \n\t\t\t  \tdata-href = \"https:\/\/www.elpolitologoyelpolitico.com.ar\/wordpress\/2025\/11\/10\/vecinos-de-inalauquen-reclaman-intervencion-por-reiterados-episodios-de-violencia-y-disturbios\/\"\n\t\t\t  \tdata-numposts = \"10\"\n\t\t\t  \tdata-lazy = \"true\"\n\t\t\t\tdata-colorscheme = \"light\"\n\t\t\t\tdata-order-by = \"social\"\n\t\t\t\tdata-mobile=true>\n\t\t\t  <\/div><\/div>\n\t\t  <style>\n\t\t    .fb-background-color {\n\t\t\t\tbackground: #ffffff !important;\n\t\t\t}\n\t\t\t.fb_iframe_widget_fluid_desktop iframe {\n\t\t\t    width: 100% !important;\n\t\t\t}\n\t\t  <\/style>\n\t\t  ","protected":false},"excerpt":{"rendered":"<p>Residentes del sector ubicado en Yanquetruz 260, en el barrio Inalauquen, manifestaron gran preocupaci\u00f3n por reiterados episodios de violencia y disturbios que vienen registr\u00e1ndose desde hace aproximadamente un mes en uno de los departamentos del m\u00f3dulo habitacional. Seg\u00fan relataron, en ese domicilio reside un joven recientemente liberado del complejo penal, con un amplio antecedente de [&hellip;]<\/p>\n","protected":false},"author":4,"featured_media":42899,"comment_status":"closed","ping_status":"closed","sticky":false,"template":"","format":"standard","meta":{"_joinchat":[],"footnotes":""},"categories":[39],"tags":[],"class_list":["post-42898","post","type-post","status-publish","format-standard","has-post-thumbnail","hentry","category-en-esta-seccion"],"_links":{"self":[{"href":"https:\/\/www.elpolitologoyelpolitico.com.ar\/wordpress\/wp-json\/wp\/v2\/posts\/42898","targetHints":{"allow":["GET"]}}],"collection":[{"href":"https:\/\/www.elpolitologoyelpolitico.com.ar\/wordpress\/wp-json\/wp\/v2\/posts"}],"about":[{"href":"https:\/\/www.elpolitologoyelpolitico.com.ar\/wordpress\/wp-json\/wp\/v2\/types\/post"}],"author":[{"embeddable":true,"href":"https:\/\/www.elpolitologoyelpolitico.com.ar\/wordpress\/wp-json\/wp\/v2\/users\/4"}],"replies":[{"embeddable":true,"href":"https:\/\/www.elpolitologoyelpolitico.com.ar\/wordpress\/wp-json\/wp\/v2\/comments?post=42898"}],"version-history":[{"count":1,"href":"https:\/\/www.elpolitologoyelpolitico.com.ar\/wordpress\/wp-json\/wp\/v2\/posts\/42898\/revisions"}],"predecessor-version":[{"id":42900,"href":"https:\/\/www.elpolitologoyelpolitico.com.ar\/wordpress\/wp-json\/wp\/v2\/posts\/42898\/revisions\/42900"}],"wp:featuredmedia":[{"embeddable":true,"href":"https:\/\/www.elpolitologoyelpolitico.com.ar\/wordpress\/wp-json\/wp\/v2\/media\/42899"}],"wp:attachment":[{"href":"https:\/\/www.elpolitologoyelpolitico.com.ar\/wordpress\/wp-json\/wp\/v2\/media?parent=42898"}],"wp:term":[{"taxonomy":"category","embeddable":true,"href":"https:\/\/www.elpolitologoyelpolitico.com.ar\/wordpress\/wp-json\/wp\/v2\/categories?post=42898"},{"taxonomy":"post_tag","embeddable":true,"href":"https:\/\/www.elpolitologoyelpolitico.com.ar\/wordpress\/wp-json\/wp\/v2\/tags?post=42898"}],"curies":[{"name":"wp","href":"https:\/\/api.w.org\/{rel}","templated":true}]}}