{"id":42882,"date":"2025-11-08T16:41:08","date_gmt":"2025-11-08T19:41:08","guid":{"rendered":"https:\/\/www.elpolitologoyelpolitico.com.ar\/wordpress\/?p=42882"},"modified":"2025-11-08T22:16:30","modified_gmt":"2025-11-09T01:16:30","slug":"escribanos-asesoraron-sobre-distintas-problematicas-que-tienen-los-vecinos-en-viedma","status":"publish","type":"post","link":"https:\/\/www.elpolitologoyelpolitico.com.ar\/wordpress\/2025\/11\/08\/escribanos-asesoraron-sobre-distintas-problematicas-que-tienen-los-vecinos-en-viedma\/","title":{"rendered":"\u00abEscribanos asesoraron sobre distintas problem\u00e1ticas que tienen los vecinos en Viedma\u00bb"},"content":{"rendered":"\n<figure class=\"wp-block-audio\"><audio controls src=\"https:\/\/www.elpolitologoyelpolitico.com.ar\/wp-content\/uploads\/2025\/11\/2025-11-07-Maria-Gabriela-Benito.mp3\"><\/audio><\/figure>\n\n\n\n<p class=\"has-medium-font-size\">Este s\u00e1bado, escribanos de la ciudad de Viedma asesoraron a los vecinos sobre distintas tem\u00e1ticas que son necesarias para su vida.<\/p>\n\n\n\n<p class=\"has-medium-font-size\">A partir de las 9 de la ma\u00f1ana, los vecinos se acercaron a la Junta Vecinal del barrio Santa Clara para realizar consultas sobre compraventa de inmuebles, pactos de convivencia, protecci\u00f3n de vivienda familiar, autorizaci\u00f3n para conducir, medidas de autoprotecci\u00f3n, directivas anticipadas de salud, autorizaci\u00f3n para viajar, r\u00e9gimen patrimonial del matrimonio, donaciones y testamentos, entre otras.<\/p>\n\n\n\n<p class=\"has-medium-font-size\">Fueron varias las personas que se acercaron al lugar y participaron del encuentro.<\/p>\n\n\n\n<figure class=\"wp-block-image size-large\"><img fetchpriority=\"high\" decoding=\"async\" width=\"1024\" height=\"768\" src=\"https:\/\/www.elpolitologoyelpolitico.com.ar\/wp-content\/uploads\/2025\/11\/WhatsApp-Image-2025-11-08-at-18.39.30-2-1024x768.jpeg\" alt=\"\" class=\"wp-image-42896\" srcset=\"https:\/\/www.elpolitologoyelpolitico.com.ar\/wp-content\/uploads\/2025\/11\/WhatsApp-Image-2025-11-08-at-18.39.30-2-1024x768.jpeg 1024w, https:\/\/www.elpolitologoyelpolitico.com.ar\/wp-content\/uploads\/2025\/11\/WhatsApp-Image-2025-11-08-at-18.39.30-2-300x225.jpeg 300w, https:\/\/www.elpolitologoyelpolitico.com.ar\/wp-content\/uploads\/2025\/11\/WhatsApp-Image-2025-11-08-at-18.39.30-2-768x576.jpeg 768w, https:\/\/www.elpolitologoyelpolitico.com.ar\/wp-content\/uploads\/2025\/11\/WhatsApp-Image-2025-11-08-at-18.39.30-2-1536x1152.jpeg 1536w, https:\/\/www.elpolitologoyelpolitico.com.ar\/wp-content\/uploads\/2025\/11\/WhatsApp-Image-2025-11-08-at-18.39.30-2.jpeg 1600w\" sizes=\"(max-width: 1024px) 100vw, 1024px\" \/><\/figure>\n\n\n\n<p class=\"has-medium-font-size\">Seg\u00fan Mar\u00eda Gabriela Benito, escribana, esta jornada forma parte de una iniciativa nacional que se realiza todos los a\u00f1os y que busca acercar asesoramiento notarial gratuito a la comunidad. Destac\u00f3 que la actividad se desarrolla en diferentes puntos del pa\u00eds y tambi\u00e9n en diversas localidades de la provincia de R\u00edo Negro, con la intenci\u00f3n de seguir acerc\u00e1ndose en futuras ediciones a otras ciudades como Bariloche, entre otras.<\/p>\n\n\n\n<p class=\"has-medium-font-size\">La escribana se\u00f1al\u00f3 que estas jornadas resultan muy valiosas para la comunidad, ya que permiten evacuar dudas de manera directa y gratuita. Adem\u00e1s, destac\u00f3 el inter\u00e9s de los vecinos durante el encuentro y afirm\u00f3 que la intenci\u00f3n es sostener este tipo de actividades a\u00f1o a a\u00f1o para seguir promoviendo el acceso a la informaci\u00f3n y la seguridad jur\u00eddica.<\/p>\n\n\n\n<figure class=\"wp-block-image size-large\"><img decoding=\"async\" width=\"1024\" height=\"768\" src=\"https:\/\/www.elpolitologoyelpolitico.com.ar\/wp-content\/uploads\/2025\/11\/WhatsApp-Image-2025-11-08-at-18.39.29-1024x768.jpeg\" alt=\"\" class=\"wp-image-42895\" srcset=\"https:\/\/www.elpolitologoyelpolitico.com.ar\/wp-content\/uploads\/2025\/11\/WhatsApp-Image-2025-11-08-at-18.39.29-1024x768.jpeg 1024w, https:\/\/www.elpolitologoyelpolitico.com.ar\/wp-content\/uploads\/2025\/11\/WhatsApp-Image-2025-11-08-at-18.39.29-300x225.jpeg 300w, https:\/\/www.elpolitologoyelpolitico.com.ar\/wp-content\/uploads\/2025\/11\/WhatsApp-Image-2025-11-08-at-18.39.29-768x576.jpeg 768w, https:\/\/www.elpolitologoyelpolitico.com.ar\/wp-content\/uploads\/2025\/11\/WhatsApp-Image-2025-11-08-at-18.39.29-1536x1152.jpeg 1536w, https:\/\/www.elpolitologoyelpolitico.com.ar\/wp-content\/uploads\/2025\/11\/WhatsApp-Image-2025-11-08-at-18.39.29.jpeg 1600w\" sizes=\"(max-width: 1024px) 100vw, 1024px\" \/><\/figure>\n\n\n\n<p class=\"has-medium-font-size\"><\/p>\n<div class=\"fb-background-color\">\n\t\t\t  <div \n\t\t\t  \tclass = \"fb-comments\" \n\t\t\t  \tdata-href = \"https:\/\/www.elpolitologoyelpolitico.com.ar\/wordpress\/2025\/11\/08\/escribanos-asesoraron-sobre-distintas-problematicas-que-tienen-los-vecinos-en-viedma\/\"\n\t\t\t  \tdata-numposts = \"10\"\n\t\t\t  \tdata-lazy = \"true\"\n\t\t\t\tdata-colorscheme = \"light\"\n\t\t\t\tdata-order-by = \"social\"\n\t\t\t\tdata-mobile=true>\n\t\t\t  <\/div><\/div>\n\t\t  <style>\n\t\t    .fb-background-color {\n\t\t\t\tbackground: #ffffff !important;\n\t\t\t}\n\t\t\t.fb_iframe_widget_fluid_desktop iframe {\n\t\t\t    width: 100% !important;\n\t\t\t}\n\t\t  <\/style>\n\t\t  ","protected":false},"excerpt":{"rendered":"<p>Este s\u00e1bado, escribanos de la ciudad de Viedma asesoraron a los vecinos sobre distintas tem\u00e1ticas que son necesarias para su vida. A partir de las 9 de la ma\u00f1ana, los vecinos se acercaron a la Junta Vecinal del barrio Santa Clara para realizar consultas sobre compraventa de inmuebles, pactos de convivencia, protecci\u00f3n de vivienda familiar, [&hellip;]<\/p>\n","protected":false},"author":4,"featured_media":42893,"comment_status":"closed","ping_status":"closed","sticky":false,"template":"","format":"standard","meta":{"_joinchat":[],"footnotes":""},"categories":[39],"tags":[],"class_list":["post-42882","post","type-post","status-publish","format-standard","has-post-thumbnail","hentry","category-en-esta-seccion"],"_links":{"self":[{"href":"https:\/\/www.elpolitologoyelpolitico.com.ar\/wordpress\/wp-json\/wp\/v2\/posts\/42882","targetHints":{"allow":["GET"]}}],"collection":[{"href":"https:\/\/www.elpolitologoyelpolitico.com.ar\/wordpress\/wp-json\/wp\/v2\/posts"}],"about":[{"href":"https:\/\/www.elpolitologoyelpolitico.com.ar\/wordpress\/wp-json\/wp\/v2\/types\/post"}],"author":[{"embeddable":true,"href":"https:\/\/www.elpolitologoyelpolitico.com.ar\/wordpress\/wp-json\/wp\/v2\/users\/4"}],"replies":[{"embeddable":true,"href":"https:\/\/www.elpolitologoyelpolitico.com.ar\/wordpress\/wp-json\/wp\/v2\/comments?post=42882"}],"version-history":[{"count":7,"href":"https:\/\/www.elpolitologoyelpolitico.com.ar\/wordpress\/wp-json\/wp\/v2\/posts\/42882\/revisions"}],"predecessor-version":[{"id":42897,"href":"https:\/\/www.elpolitologoyelpolitico.com.ar\/wordpress\/wp-json\/wp\/v2\/posts\/42882\/revisions\/42897"}],"wp:featuredmedia":[{"embeddable":true,"href":"https:\/\/www.elpolitologoyelpolitico.com.ar\/wordpress\/wp-json\/wp\/v2\/media\/42893"}],"wp:attachment":[{"href":"https:\/\/www.elpolitologoyelpolitico.com.ar\/wordpress\/wp-json\/wp\/v2\/media?parent=42882"}],"wp:term":[{"taxonomy":"category","embeddable":true,"href":"https:\/\/www.elpolitologoyelpolitico.com.ar\/wordpress\/wp-json\/wp\/v2\/categories?post=42882"},{"taxonomy":"post_tag","embeddable":true,"href":"https:\/\/www.elpolitologoyelpolitico.com.ar\/wordpress\/wp-json\/wp\/v2\/tags?post=42882"}],"curies":[{"name":"wp","href":"https:\/\/api.w.org\/{rel}","templated":true}]}}