{"id":42877,"date":"2025-11-08T15:33:27","date_gmt":"2025-11-08T18:33:27","guid":{"rendered":"https:\/\/www.elpolitologoyelpolitico.com.ar\/wordpress\/?p=42877"},"modified":"2025-11-08T15:33:29","modified_gmt":"2025-11-08T18:33:29","slug":"denuncian-red-de-difusion-y-venta-de-imagenes-intimas-en-viedma-y-patagones","status":"publish","type":"post","link":"https:\/\/www.elpolitologoyelpolitico.com.ar\/wordpress\/2025\/11\/08\/denuncian-red-de-difusion-y-venta-de-imagenes-intimas-en-viedma-y-patagones\/","title":{"rendered":"Denuncian red de difusi\u00f3n y venta de im\u00e1genes \u00edntimas en Viedma y Patagones"},"content":{"rendered":"\n<p class=\"has-medium-font-size\">Un grupo de m\u00e1s de 200 mujeres de Viedma y Carmen de Patagones denunci\u00f3 p\u00fablicamente la existencia de una presunta red dedicada a la obtenci\u00f3n y comercializaci\u00f3n de fotos \u00edntimas, en algunos casos de menores de edad. Las denunciantes se\u00f1alan a un hombre identificado como Rodrigo Nicol\u00e1s Mora, con domicilio referido en Neuqu\u00e9n 55, como principal involucrado en estas acciones il\u00edcitas.<\/p>\n\n\n\n<p class=\"has-medium-font-size\">Seg\u00fan el testimonio de las mujeres, las im\u00e1genes se obtendr\u00edan mediante distintos m\u00e9todos: extorsi\u00f3n, robo desde redes sociales o presunto hackeo de tel\u00e9fonos celulares. Adem\u00e1s, aseguran que para acceder al material quienes compran deben entregar fotos de otras j\u00f3venes, lo que ampliar\u00eda la red continuamente.<\/p>\n\n\n\n<p class=\"has-medium-font-size\">Las denunciantes expresaron que muchas de las afectadas son menores de edad y aseguran haber identificado al menos a otro presunto participante. En particular, mencionan a un t\u00e9cnico de celulares identificado como Sebasti\u00e1n Le\u00f3n, quien \u2014seg\u00fan el relato\u2014 habr\u00eda intentado acceder a correos electr\u00f3nicos de varias j\u00f3venes y mantenido contacto con menores. Sin embargo, estas acusaciones a\u00fan no han sido validadas judicialmente.<\/p>\n\n\n\n<p class=\"has-medium-font-size\">Las mujeres afirman que se exponen datos personales de las v\u00edctimas, incluyendo lugares de trabajo, direcciones, nombres completos e informaci\u00f3n de familiares, situaci\u00f3n que aumenta el temor ante posibles riesgos.<\/p>\n\n\n\n<p class=\"has-medium-font-size\">\u201cVivimos con miedo, no sabemos qui\u00e9nes son todos los involucrados ni qui\u00e9nes compran las fotos. Esto nos expone a todas\u201d, expresaron.<\/p>\n\n\n\n<figure class=\"wp-block-image size-full\"><img fetchpriority=\"high\" decoding=\"async\" width=\"307\" height=\"580\" src=\"https:\/\/www.elpolitologoyelpolitico.com.ar\/wp-content\/uploads\/2025\/11\/WhatsApp-Image-2025-11-07-at-21.19.14.jpeg\" alt=\"\" class=\"wp-image-42880\" srcset=\"https:\/\/www.elpolitologoyelpolitico.com.ar\/wp-content\/uploads\/2025\/11\/WhatsApp-Image-2025-11-07-at-21.19.14.jpeg 307w, https:\/\/www.elpolitologoyelpolitico.com.ar\/wp-content\/uploads\/2025\/11\/WhatsApp-Image-2025-11-07-at-21.19.14-159x300.jpeg 159w\" sizes=\"(max-width: 307px) 100vw, 307px\" \/><\/figure>\n\n\n\n<p class=\"has-medium-font-size\">Adem\u00e1s, exigen que se investigue y se identifique a cada persona que integra la presunta red, incluyendo tanto quienes venden como quienes compran contenido. Seg\u00fan relatan, la operaci\u00f3n estar\u00eda activa desde hace a\u00f1os y contin\u00faa sumando v\u00edctimas.<\/p>\n\n\n\n<p class=\"has-medium-font-size\">El grupo hizo un llamado a la comunidad para visibilizar la situaci\u00f3n y pidi\u00f3 acompa\u00f1amiento social e institucional:<\/p>\n\n\n\n<p class=\"has-medium-font-size\">\u201cLa seguridad de todas las chicas de la comarca est\u00e1 en riesgo. Necesitamos justicia.\u201d<\/p>\n\n\n\n<p class=\"has-medium-font-size\">Las denunciantes solicitan que cualquier persona que tenga informaci\u00f3n la aporte de inmediato ante autoridades judiciales.<\/p>\n\n\n\n<p class=\"has-medium-font-size\">Si sos v\u00edctima o conoc\u00e9s a alguien afectada, se recomienda:<\/p>\n\n\n\n<ul class=\"wp-block-list has-medium-font-size\">\n<li>Realizar la denuncia ante la fiscal\u00eda de turno o comisar\u00eda.<\/li>\n\n\n\n<li>Contactarse con organismos de protecci\u00f3n de menores en caso de ser menores afectadas.<\/li>\n\n\n\n<li>Guardar capturas de pantalla, mensajes, transferencias y cualquier evidencia.<\/li>\n\n\n\n<li>Evitar el contacto directo con los denunciados.<\/li>\n<\/ul>\n\n\n\n<p><\/p>\n<div class=\"fb-background-color\">\n\t\t\t  <div \n\t\t\t  \tclass = \"fb-comments\" \n\t\t\t  \tdata-href = \"https:\/\/www.elpolitologoyelpolitico.com.ar\/wordpress\/2025\/11\/08\/denuncian-red-de-difusion-y-venta-de-imagenes-intimas-en-viedma-y-patagones\/\"\n\t\t\t  \tdata-numposts = \"10\"\n\t\t\t  \tdata-lazy = \"true\"\n\t\t\t\tdata-colorscheme = \"light\"\n\t\t\t\tdata-order-by = \"social\"\n\t\t\t\tdata-mobile=true>\n\t\t\t  <\/div><\/div>\n\t\t  <style>\n\t\t    .fb-background-color {\n\t\t\t\tbackground: #ffffff !important;\n\t\t\t}\n\t\t\t.fb_iframe_widget_fluid_desktop iframe {\n\t\t\t    width: 100% !important;\n\t\t\t}\n\t\t  <\/style>\n\t\t  ","protected":false},"excerpt":{"rendered":"<p>Un grupo de m\u00e1s de 200 mujeres de Viedma y Carmen de Patagones denunci\u00f3 p\u00fablicamente la existencia de una presunta red dedicada a la obtenci\u00f3n y comercializaci\u00f3n de fotos \u00edntimas, en algunos casos de menores de edad. Las denunciantes se\u00f1alan a un hombre identificado como Rodrigo Nicol\u00e1s Mora, con domicilio referido en Neuqu\u00e9n 55, como [&hellip;]<\/p>\n","protected":false},"author":4,"featured_media":42878,"comment_status":"closed","ping_status":"closed","sticky":false,"template":"","format":"standard","meta":{"_joinchat":[],"footnotes":""},"categories":[39],"tags":[],"class_list":["post-42877","post","type-post","status-publish","format-standard","has-post-thumbnail","hentry","category-en-esta-seccion"],"_links":{"self":[{"href":"https:\/\/www.elpolitologoyelpolitico.com.ar\/wordpress\/wp-json\/wp\/v2\/posts\/42877","targetHints":{"allow":["GET"]}}],"collection":[{"href":"https:\/\/www.elpolitologoyelpolitico.com.ar\/wordpress\/wp-json\/wp\/v2\/posts"}],"about":[{"href":"https:\/\/www.elpolitologoyelpolitico.com.ar\/wordpress\/wp-json\/wp\/v2\/types\/post"}],"author":[{"embeddable":true,"href":"https:\/\/www.elpolitologoyelpolitico.com.ar\/wordpress\/wp-json\/wp\/v2\/users\/4"}],"replies":[{"embeddable":true,"href":"https:\/\/www.elpolitologoyelpolitico.com.ar\/wordpress\/wp-json\/wp\/v2\/comments?post=42877"}],"version-history":[{"count":1,"href":"https:\/\/www.elpolitologoyelpolitico.com.ar\/wordpress\/wp-json\/wp\/v2\/posts\/42877\/revisions"}],"predecessor-version":[{"id":42881,"href":"https:\/\/www.elpolitologoyelpolitico.com.ar\/wordpress\/wp-json\/wp\/v2\/posts\/42877\/revisions\/42881"}],"wp:featuredmedia":[{"embeddable":true,"href":"https:\/\/www.elpolitologoyelpolitico.com.ar\/wordpress\/wp-json\/wp\/v2\/media\/42878"}],"wp:attachment":[{"href":"https:\/\/www.elpolitologoyelpolitico.com.ar\/wordpress\/wp-json\/wp\/v2\/media?parent=42877"}],"wp:term":[{"taxonomy":"category","embeddable":true,"href":"https:\/\/www.elpolitologoyelpolitico.com.ar\/wordpress\/wp-json\/wp\/v2\/categories?post=42877"},{"taxonomy":"post_tag","embeddable":true,"href":"https:\/\/www.elpolitologoyelpolitico.com.ar\/wordpress\/wp-json\/wp\/v2\/tags?post=42877"}],"curies":[{"name":"wp","href":"https:\/\/api.w.org\/{rel}","templated":true}]}}