{"id":42811,"date":"2025-11-04T20:54:53","date_gmt":"2025-11-04T23:54:53","guid":{"rendered":"https:\/\/www.elpolitologoyelpolitico.com.ar\/wordpress\/?p=42811"},"modified":"2025-11-04T20:54:55","modified_gmt":"2025-11-04T23:54:55","slug":"realmente-milei-quito-derechos-a-la-comunidad-lgbt","status":"publish","type":"post","link":"https:\/\/www.elpolitologoyelpolitico.com.ar\/wordpress\/2025\/11\/04\/realmente-milei-quito-derechos-a-la-comunidad-lgbt\/","title":{"rendered":"\u00bfRealmente Milei quit\u00f3 derechos a la comunidad LGBT?"},"content":{"rendered":"\n<p class=\"has-medium-font-size\">Tras la Marcha del Orgullo, surgieron cr\u00edticas hacia el gobierno nacional por supuestos retrocesos en materia de derechos para la comunidad LGBT. Sin embargo, desde el oficialismo aclaran que no se elimin\u00f3 ni modific\u00f3 ninguna ley relacionada con la igualdad, el matrimonio igualitario o la identidad de g\u00e9nero, por lo que los derechos civiles alcanzados en los \u00faltimos a\u00f1os se mantienen sin cambios.<\/p>\n\n\n\n<p class=\"has-medium-font-size\">Seg\u00fan fuentes del gobierno, las medidas recientes apuntaron a reducir estructuras y cargos que hab\u00edan sido creados dentro del Estado para promover pol\u00edticas de diversidad, pero que \u2014seg\u00fan la administraci\u00f3n actual\u2014 funcionaban como espacios de militancia pol\u00edtica y manejo de fondos sin control claro.<\/p>\n\n\n\n<figure class=\"wp-block-image size-large\"><img fetchpriority=\"high\" decoding=\"async\" width=\"1024\" height=\"577\" src=\"https:\/\/www.elpolitologoyelpolitico.com.ar\/wp-content\/uploads\/2025\/11\/javier-milei-2222jpg-1024x577.webp\" alt=\"\" class=\"wp-image-42813\" srcset=\"https:\/\/www.elpolitologoyelpolitico.com.ar\/wp-content\/uploads\/2025\/11\/javier-milei-2222jpg-1024x577.webp 1024w, https:\/\/www.elpolitologoyelpolitico.com.ar\/wp-content\/uploads\/2025\/11\/javier-milei-2222jpg-300x169.webp 300w, https:\/\/www.elpolitologoyelpolitico.com.ar\/wp-content\/uploads\/2025\/11\/javier-milei-2222jpg-768x433.webp 768w, https:\/\/www.elpolitologoyelpolitico.com.ar\/wp-content\/uploads\/2025\/11\/javier-milei-2222jpg.webp 1200w\" sizes=\"(max-width: 1024px) 100vw, 1024px\" \/><\/figure>\n\n\n\n<p class=\"has-medium-font-size\">El Ejecutivo sostiene que el objetivo es terminar con el uso partidario de causas leg\u00edtimas, asegurando que la defensa de la diversidad no depende de mantener oficinas o funcionarios, sino de garantizar la igualdad ante la ley y el respeto a todos los ciudadanos.<\/p>\n\n\n\n<p class=\"has-medium-font-size\">Desde esta visi\u00f3n, las decisiones no buscan perjudicar a las personas que integran la comunidad LGBT, sino poner fin a un esquema que, seg\u00fan el gobierno, se hab\u00eda transformado en un negocio sostenido con dinero p\u00fablico bajo la bandera de la inclusi\u00f3n.<\/p>\n\n\n\n<p class=\"has-medium-font-size\">En ese marco, remarcan que la diversidad sigue protegida por la legislaci\u00f3n vigente y que Argentina contin\u00faa siendo uno de los pa\u00edses con mayor reconocimiento legal hacia la comunidad LGBT en la regi\u00f3n.<\/p>\n<div class=\"fb-background-color\">\n\t\t\t  <div \n\t\t\t  \tclass = \"fb-comments\" \n\t\t\t  \tdata-href = \"https:\/\/www.elpolitologoyelpolitico.com.ar\/wordpress\/2025\/11\/04\/realmente-milei-quito-derechos-a-la-comunidad-lgbt\/\"\n\t\t\t  \tdata-numposts = \"10\"\n\t\t\t  \tdata-lazy = \"true\"\n\t\t\t\tdata-colorscheme = \"light\"\n\t\t\t\tdata-order-by = \"social\"\n\t\t\t\tdata-mobile=true>\n\t\t\t  <\/div><\/div>\n\t\t  <style>\n\t\t    .fb-background-color {\n\t\t\t\tbackground: #ffffff !important;\n\t\t\t}\n\t\t\t.fb_iframe_widget_fluid_desktop iframe {\n\t\t\t    width: 100% !important;\n\t\t\t}\n\t\t  <\/style>\n\t\t  ","protected":false},"excerpt":{"rendered":"<p>Tras la Marcha del Orgullo, surgieron cr\u00edticas hacia el gobierno nacional por supuestos retrocesos en materia de derechos para la comunidad LGBT. Sin embargo, desde el oficialismo aclaran que no se elimin\u00f3 ni modific\u00f3 ninguna ley relacionada con la igualdad, el matrimonio igualitario o la identidad de g\u00e9nero, por lo que los derechos civiles alcanzados [&hellip;]<\/p>\n","protected":false},"author":4,"featured_media":42812,"comment_status":"closed","ping_status":"closed","sticky":false,"template":"","format":"standard","meta":{"_joinchat":[],"footnotes":""},"categories":[39],"tags":[],"class_list":["post-42811","post","type-post","status-publish","format-standard","has-post-thumbnail","hentry","category-en-esta-seccion"],"_links":{"self":[{"href":"https:\/\/www.elpolitologoyelpolitico.com.ar\/wordpress\/wp-json\/wp\/v2\/posts\/42811","targetHints":{"allow":["GET"]}}],"collection":[{"href":"https:\/\/www.elpolitologoyelpolitico.com.ar\/wordpress\/wp-json\/wp\/v2\/posts"}],"about":[{"href":"https:\/\/www.elpolitologoyelpolitico.com.ar\/wordpress\/wp-json\/wp\/v2\/types\/post"}],"author":[{"embeddable":true,"href":"https:\/\/www.elpolitologoyelpolitico.com.ar\/wordpress\/wp-json\/wp\/v2\/users\/4"}],"replies":[{"embeddable":true,"href":"https:\/\/www.elpolitologoyelpolitico.com.ar\/wordpress\/wp-json\/wp\/v2\/comments?post=42811"}],"version-history":[{"count":1,"href":"https:\/\/www.elpolitologoyelpolitico.com.ar\/wordpress\/wp-json\/wp\/v2\/posts\/42811\/revisions"}],"predecessor-version":[{"id":42814,"href":"https:\/\/www.elpolitologoyelpolitico.com.ar\/wordpress\/wp-json\/wp\/v2\/posts\/42811\/revisions\/42814"}],"wp:featuredmedia":[{"embeddable":true,"href":"https:\/\/www.elpolitologoyelpolitico.com.ar\/wordpress\/wp-json\/wp\/v2\/media\/42812"}],"wp:attachment":[{"href":"https:\/\/www.elpolitologoyelpolitico.com.ar\/wordpress\/wp-json\/wp\/v2\/media?parent=42811"}],"wp:term":[{"taxonomy":"category","embeddable":true,"href":"https:\/\/www.elpolitologoyelpolitico.com.ar\/wordpress\/wp-json\/wp\/v2\/categories?post=42811"},{"taxonomy":"post_tag","embeddable":true,"href":"https:\/\/www.elpolitologoyelpolitico.com.ar\/wordpress\/wp-json\/wp\/v2\/tags?post=42811"}],"curies":[{"name":"wp","href":"https:\/\/api.w.org\/{rel}","templated":true}]}}