{"id":42807,"date":"2025-11-04T11:31:44","date_gmt":"2025-11-04T14:31:44","guid":{"rendered":"https:\/\/www.elpolitologoyelpolitico.com.ar\/wordpress\/?p=42807"},"modified":"2025-11-04T11:31:45","modified_gmt":"2025-11-04T14:31:45","slug":"comenzo-a-regir-el-nuevo-aumento-del-estacionamiento-medido-en-viedma","status":"publish","type":"post","link":"https:\/\/www.elpolitologoyelpolitico.com.ar\/wordpress\/2025\/11\/04\/comenzo-a-regir-el-nuevo-aumento-del-estacionamiento-medido-en-viedma\/","title":{"rendered":"Comenz\u00f3 a regir el nuevo aumento del estacionamiento medido en Viedma"},"content":{"rendered":"\n<p class=\"has-medium-font-size\">Desde este lunes 3 de noviembre entr\u00f3 en vigencia un nuevo incremento en el sistema de Estacionamiento Medido y Pago de Viedma, que abarca las zonas del microcentro y macrocentro de la ciudad.<br>La medida fue dispuesta por el municipio a trav\u00e9s del Decreto N\u00b0 782, donde se se\u00f1ala que el valor del servicio permanec\u00eda sin actualizaciones desde hace casi dos a\u00f1os, lo que gener\u00f3 un marcado desfasaje frente a los costos actuales de mantenimiento y operaci\u00f3n, en un contexto de fuerte inflaci\u00f3n nacional.<\/p>\n\n\n\n<p class=\"has-medium-font-size\">En el microcentro, la tarifa por hora se eleva a $240, mientras que el abono mensual general tiene un valor de $25.000 y el abono mensual destinado a propietarios o locatarios de vivienda es de $11.000.<\/p>\n\n\n\n<p class=\"has-medium-font-size\">Por su parte, en el macrocentro, el valor tambi\u00e9n es de $240 por hora, con un abono mensual general de $21.000 y $7.000 para los residentes.<\/p>\n\n\n\n<p class=\"has-medium-font-size\">El ajuste busca garantizar la continuidad del servicio, que forma parte del ordenamiento del tr\u00e1nsito y la organizaci\u00f3n del espacio p\u00fablico en los sectores m\u00e1s transitados de la capital rionegrina.<\/p>\n\n\n\n<p class=\"has-medium-font-size\">Para muchos conductores que estacionan a diario en el centro, el incremento representa un cambio considerable en el gasto mensual. Algunos optan por reducir el tiempo de permanencia en las zonas tarifadas, mientras que otros eval\u00faan alternativas de movilidad para evitar el costo.<\/p>\n\n\n\n<p class=\"has-medium-font-size\">El sistema de estacionamiento medido contin\u00faa siendo administrado por la Fundaci\u00f3n Anyarc, que destina parte de lo recaudado al sostenimiento de sus programas y actividades sociales.<\/p>\n\n\n\n<p class=\"has-medium-font-size\"><\/p>\n<div class=\"fb-background-color\">\n\t\t\t  <div \n\t\t\t  \tclass = \"fb-comments\" \n\t\t\t  \tdata-href = \"https:\/\/www.elpolitologoyelpolitico.com.ar\/wordpress\/2025\/11\/04\/comenzo-a-regir-el-nuevo-aumento-del-estacionamiento-medido-en-viedma\/\"\n\t\t\t  \tdata-numposts = \"10\"\n\t\t\t  \tdata-lazy = \"true\"\n\t\t\t\tdata-colorscheme = \"light\"\n\t\t\t\tdata-order-by = \"social\"\n\t\t\t\tdata-mobile=true>\n\t\t\t  <\/div><\/div>\n\t\t  <style>\n\t\t    .fb-background-color {\n\t\t\t\tbackground: #ffffff !important;\n\t\t\t}\n\t\t\t.fb_iframe_widget_fluid_desktop iframe {\n\t\t\t    width: 100% !important;\n\t\t\t}\n\t\t  <\/style>\n\t\t  ","protected":false},"excerpt":{"rendered":"<p>Desde este lunes 3 de noviembre entr\u00f3 en vigencia un nuevo incremento en el sistema de Estacionamiento Medido y Pago de Viedma, que abarca las zonas del microcentro y macrocentro de la ciudad.La medida fue dispuesta por el municipio a trav\u00e9s del Decreto N\u00b0 782, donde se se\u00f1ala que el valor del servicio permanec\u00eda sin [&hellip;]<\/p>\n","protected":false},"author":4,"featured_media":42808,"comment_status":"closed","ping_status":"closed","sticky":false,"template":"","format":"standard","meta":{"_joinchat":[],"footnotes":""},"categories":[39],"tags":[],"class_list":["post-42807","post","type-post","status-publish","format-standard","has-post-thumbnail","hentry","category-en-esta-seccion"],"_links":{"self":[{"href":"https:\/\/www.elpolitologoyelpolitico.com.ar\/wordpress\/wp-json\/wp\/v2\/posts\/42807","targetHints":{"allow":["GET"]}}],"collection":[{"href":"https:\/\/www.elpolitologoyelpolitico.com.ar\/wordpress\/wp-json\/wp\/v2\/posts"}],"about":[{"href":"https:\/\/www.elpolitologoyelpolitico.com.ar\/wordpress\/wp-json\/wp\/v2\/types\/post"}],"author":[{"embeddable":true,"href":"https:\/\/www.elpolitologoyelpolitico.com.ar\/wordpress\/wp-json\/wp\/v2\/users\/4"}],"replies":[{"embeddable":true,"href":"https:\/\/www.elpolitologoyelpolitico.com.ar\/wordpress\/wp-json\/wp\/v2\/comments?post=42807"}],"version-history":[{"count":2,"href":"https:\/\/www.elpolitologoyelpolitico.com.ar\/wordpress\/wp-json\/wp\/v2\/posts\/42807\/revisions"}],"predecessor-version":[{"id":42810,"href":"https:\/\/www.elpolitologoyelpolitico.com.ar\/wordpress\/wp-json\/wp\/v2\/posts\/42807\/revisions\/42810"}],"wp:featuredmedia":[{"embeddable":true,"href":"https:\/\/www.elpolitologoyelpolitico.com.ar\/wordpress\/wp-json\/wp\/v2\/media\/42808"}],"wp:attachment":[{"href":"https:\/\/www.elpolitologoyelpolitico.com.ar\/wordpress\/wp-json\/wp\/v2\/media?parent=42807"}],"wp:term":[{"taxonomy":"category","embeddable":true,"href":"https:\/\/www.elpolitologoyelpolitico.com.ar\/wordpress\/wp-json\/wp\/v2\/categories?post=42807"},{"taxonomy":"post_tag","embeddable":true,"href":"https:\/\/www.elpolitologoyelpolitico.com.ar\/wordpress\/wp-json\/wp\/v2\/tags?post=42807"}],"curies":[{"name":"wp","href":"https:\/\/api.w.org\/{rel}","templated":true}]}}