{"id":42797,"date":"2025-11-01T13:44:50","date_gmt":"2025-11-01T16:44:50","guid":{"rendered":"https:\/\/www.elpolitologoyelpolitico.com.ar\/wordpress\/?p=42797"},"modified":"2025-11-01T13:44:51","modified_gmt":"2025-11-01T16:44:51","slug":"absa-avanza-con-las-reparaciones-de-canerias-en-carmen-de-patagones","status":"publish","type":"post","link":"https:\/\/www.elpolitologoyelpolitico.com.ar\/wordpress\/2025\/11\/01\/absa-avanza-con-las-reparaciones-de-canerias-en-carmen-de-patagones\/","title":{"rendered":"ABSA avanza con las reparaciones de ca\u00f1er\u00edas en Carmen de Patagones"},"content":{"rendered":"\n<p class=\"has-medium-font-size\">Durante este s\u00e1bado, personal de ABSA contin\u00faa con los trabajos de reparaci\u00f3n en dos sectores de Carmen de Patagones, con el objetivo de restablecer por completo el servicio de agua en la ciudad.<\/p>\n\n\n\n<p class=\"has-medium-font-size\">En Boulevard Moreno y Costanera Nozzi, se realizan tareas de relleno del suelo tras la reparaci\u00f3n de una ca\u00f1er\u00eda, mientras que en el sector del conducto de 450 mil\u00edmetros se despeja la zona para concretar la reparaci\u00f3n definitiva.<\/p>\n\n\n\n<p class=\"has-medium-font-size\">Desde la empresa recordaron que, en ese punto, se hab\u00eda llevado a cabo una intervenci\u00f3n provisoria para garantizar el funcionamiento de la Planta Potabilizadora y mantener el suministro en los hogares.<\/p>\n\n\n\n<p class=\"has-medium-font-size\">Ante posibles inconvenientes en el servicio, ABSA puso a disposici\u00f3n su l\u00ednea de Asistencia T\u00e9cnica 0800-999-2272 y sus canales en Facebook y Telegram para recibir consultas o reclamos.<\/p>\n<div class=\"fb-background-color\">\n\t\t\t  <div \n\t\t\t  \tclass = \"fb-comments\" \n\t\t\t  \tdata-href = \"https:\/\/www.elpolitologoyelpolitico.com.ar\/wordpress\/2025\/11\/01\/absa-avanza-con-las-reparaciones-de-canerias-en-carmen-de-patagones\/\"\n\t\t\t  \tdata-numposts = \"10\"\n\t\t\t  \tdata-lazy = \"true\"\n\t\t\t\tdata-colorscheme = \"light\"\n\t\t\t\tdata-order-by = \"social\"\n\t\t\t\tdata-mobile=true>\n\t\t\t  <\/div><\/div>\n\t\t  <style>\n\t\t    .fb-background-color {\n\t\t\t\tbackground: #ffffff !important;\n\t\t\t}\n\t\t\t.fb_iframe_widget_fluid_desktop iframe {\n\t\t\t    width: 100% !important;\n\t\t\t}\n\t\t  <\/style>\n\t\t  ","protected":false},"excerpt":{"rendered":"<p>Durante este s\u00e1bado, personal de ABSA contin\u00faa con los trabajos de reparaci\u00f3n en dos sectores de Carmen de Patagones, con el objetivo de restablecer por completo el servicio de agua en la ciudad. En Boulevard Moreno y Costanera Nozzi, se realizan tareas de relleno del suelo tras la reparaci\u00f3n de una ca\u00f1er\u00eda, mientras que en [&hellip;]<\/p>\n","protected":false},"author":4,"featured_media":42798,"comment_status":"closed","ping_status":"closed","sticky":false,"template":"","format":"standard","meta":{"_joinchat":[],"footnotes":""},"categories":[39],"tags":[],"class_list":["post-42797","post","type-post","status-publish","format-standard","has-post-thumbnail","hentry","category-en-esta-seccion"],"_links":{"self":[{"href":"https:\/\/www.elpolitologoyelpolitico.com.ar\/wordpress\/wp-json\/wp\/v2\/posts\/42797","targetHints":{"allow":["GET"]}}],"collection":[{"href":"https:\/\/www.elpolitologoyelpolitico.com.ar\/wordpress\/wp-json\/wp\/v2\/posts"}],"about":[{"href":"https:\/\/www.elpolitologoyelpolitico.com.ar\/wordpress\/wp-json\/wp\/v2\/types\/post"}],"author":[{"embeddable":true,"href":"https:\/\/www.elpolitologoyelpolitico.com.ar\/wordpress\/wp-json\/wp\/v2\/users\/4"}],"replies":[{"embeddable":true,"href":"https:\/\/www.elpolitologoyelpolitico.com.ar\/wordpress\/wp-json\/wp\/v2\/comments?post=42797"}],"version-history":[{"count":1,"href":"https:\/\/www.elpolitologoyelpolitico.com.ar\/wordpress\/wp-json\/wp\/v2\/posts\/42797\/revisions"}],"predecessor-version":[{"id":42799,"href":"https:\/\/www.elpolitologoyelpolitico.com.ar\/wordpress\/wp-json\/wp\/v2\/posts\/42797\/revisions\/42799"}],"wp:featuredmedia":[{"embeddable":true,"href":"https:\/\/www.elpolitologoyelpolitico.com.ar\/wordpress\/wp-json\/wp\/v2\/media\/42798"}],"wp:attachment":[{"href":"https:\/\/www.elpolitologoyelpolitico.com.ar\/wordpress\/wp-json\/wp\/v2\/media?parent=42797"}],"wp:term":[{"taxonomy":"category","embeddable":true,"href":"https:\/\/www.elpolitologoyelpolitico.com.ar\/wordpress\/wp-json\/wp\/v2\/categories?post=42797"},{"taxonomy":"post_tag","embeddable":true,"href":"https:\/\/www.elpolitologoyelpolitico.com.ar\/wordpress\/wp-json\/wp\/v2\/tags?post=42797"}],"curies":[{"name":"wp","href":"https:\/\/api.w.org\/{rel}","templated":true}]}}