{"id":42793,"date":"2025-11-01T12:41:06","date_gmt":"2025-11-01T15:41:06","guid":{"rendered":"https:\/\/www.elpolitologoyelpolitico.com.ar\/wordpress\/?p=42793"},"modified":"2025-11-01T12:41:07","modified_gmt":"2025-11-01T15:41:07","slug":"pelea-y-conflicto-en-la-costanera-de-viedma-noquearon-a-una-persona-con-un-palo","status":"publish","type":"post","link":"https:\/\/www.elpolitologoyelpolitico.com.ar\/wordpress\/2025\/11\/01\/pelea-y-conflicto-en-la-costanera-de-viedma-noquearon-a-una-persona-con-un-palo\/","title":{"rendered":"Pelea y conflicto en la Costanera de Viedma: noquearon a una persona con un palo"},"content":{"rendered":"\n<p class=\"has-medium-font-size\">Durante el fin de semana se registr\u00f3 un violento episodio en la Costanera de Viedma, donde un joven habr\u00eda quedado inconsciente luego de ser golpeado con un palo.<\/p>\n\n\n\n<p class=\"has-medium-font-size\">Seg\u00fan relat\u00f3 la persona que film\u00f3 la situaci\u00f3n, este tipo de hechos se volvi\u00f3 frecuente en la zona:<br><br>\u201cLa pelea de todos los fines de semana. Habitual.\u201d<\/p>\n\n\n\n<p class=\"has-medium-font-size\">De acuerdo al testimonio, los agresores arrancaron peque\u00f1os palos ubicados donde est\u00e1n las plantas, los quebraron y los utilizaron para atacarse:<br><br>\u201cArrancan los palitos donde est\u00e1n las plantitas, los quiebran y con eso se pegan. Con eso se dan.\u201d<\/p>\n\n\n\n<p class=\"has-medium-font-size\">Esto genera bastante preocupaci\u00f3n por la repetici\u00f3n de estos hechos nocturnos durante los fines de semana y se solicita mayor presencia preventiva para resguardar la zona.<\/p>\n<div class=\"fb-background-color\">\n\t\t\t  <div \n\t\t\t  \tclass = \"fb-comments\" \n\t\t\t  \tdata-href = \"https:\/\/www.elpolitologoyelpolitico.com.ar\/wordpress\/2025\/11\/01\/pelea-y-conflicto-en-la-costanera-de-viedma-noquearon-a-una-persona-con-un-palo\/\"\n\t\t\t  \tdata-numposts = \"10\"\n\t\t\t  \tdata-lazy = \"true\"\n\t\t\t\tdata-colorscheme = \"light\"\n\t\t\t\tdata-order-by = \"social\"\n\t\t\t\tdata-mobile=true>\n\t\t\t  <\/div><\/div>\n\t\t  <style>\n\t\t    .fb-background-color {\n\t\t\t\tbackground: #ffffff !important;\n\t\t\t}\n\t\t\t.fb_iframe_widget_fluid_desktop iframe {\n\t\t\t    width: 100% !important;\n\t\t\t}\n\t\t  <\/style>\n\t\t  ","protected":false},"excerpt":{"rendered":"<p>Durante el fin de semana se registr\u00f3 un violento episodio en la Costanera de Viedma, donde un joven habr\u00eda quedado inconsciente luego de ser golpeado con un palo. Seg\u00fan relat\u00f3 la persona que film\u00f3 la situaci\u00f3n, este tipo de hechos se volvi\u00f3 frecuente en la zona: \u201cLa pelea de todos los fines de semana. Habitual.\u201d [&hellip;]<\/p>\n","protected":false},"author":4,"featured_media":42796,"comment_status":"closed","ping_status":"closed","sticky":false,"template":"","format":"standard","meta":{"_joinchat":[],"footnotes":""},"categories":[39],"tags":[],"class_list":["post-42793","post","type-post","status-publish","format-standard","has-post-thumbnail","hentry","category-en-esta-seccion"],"_links":{"self":[{"href":"https:\/\/www.elpolitologoyelpolitico.com.ar\/wordpress\/wp-json\/wp\/v2\/posts\/42793","targetHints":{"allow":["GET"]}}],"collection":[{"href":"https:\/\/www.elpolitologoyelpolitico.com.ar\/wordpress\/wp-json\/wp\/v2\/posts"}],"about":[{"href":"https:\/\/www.elpolitologoyelpolitico.com.ar\/wordpress\/wp-json\/wp\/v2\/types\/post"}],"author":[{"embeddable":true,"href":"https:\/\/www.elpolitologoyelpolitico.com.ar\/wordpress\/wp-json\/wp\/v2\/users\/4"}],"replies":[{"embeddable":true,"href":"https:\/\/www.elpolitologoyelpolitico.com.ar\/wordpress\/wp-json\/wp\/v2\/comments?post=42793"}],"version-history":[{"count":2,"href":"https:\/\/www.elpolitologoyelpolitico.com.ar\/wordpress\/wp-json\/wp\/v2\/posts\/42793\/revisions"}],"predecessor-version":[{"id":42795,"href":"https:\/\/www.elpolitologoyelpolitico.com.ar\/wordpress\/wp-json\/wp\/v2\/posts\/42793\/revisions\/42795"}],"wp:featuredmedia":[{"embeddable":true,"href":"https:\/\/www.elpolitologoyelpolitico.com.ar\/wordpress\/wp-json\/wp\/v2\/media\/42796"}],"wp:attachment":[{"href":"https:\/\/www.elpolitologoyelpolitico.com.ar\/wordpress\/wp-json\/wp\/v2\/media?parent=42793"}],"wp:term":[{"taxonomy":"category","embeddable":true,"href":"https:\/\/www.elpolitologoyelpolitico.com.ar\/wordpress\/wp-json\/wp\/v2\/categories?post=42793"},{"taxonomy":"post_tag","embeddable":true,"href":"https:\/\/www.elpolitologoyelpolitico.com.ar\/wordpress\/wp-json\/wp\/v2\/tags?post=42793"}],"curies":[{"name":"wp","href":"https:\/\/api.w.org\/{rel}","templated":true}]}}