{"id":42790,"date":"2025-11-01T11:59:29","date_gmt":"2025-11-01T14:59:29","guid":{"rendered":"https:\/\/www.elpolitologoyelpolitico.com.ar\/wordpress\/?p=42790"},"modified":"2025-11-01T11:59:30","modified_gmt":"2025-11-01T14:59:30","slug":"anuncian-que-los-presos-ya-no-tendran-celulares-y-deberan-trabajar-mientras-cumplen-su-condena","status":"publish","type":"post","link":"https:\/\/www.elpolitologoyelpolitico.com.ar\/wordpress\/2025\/11\/01\/anuncian-que-los-presos-ya-no-tendran-celulares-y-deberan-trabajar-mientras-cumplen-su-condena\/","title":{"rendered":"Anuncian que los presos ya no tendr\u00e1n celulares y deber\u00e1n trabajar mientras cumplen su condena"},"content":{"rendered":"\n<p class=\"has-medium-font-size\">El Gobierno nacional anunci\u00f3 una serie de medidas que alcanzan a las personas privadas de la libertad, orientadas a limitar beneficios y reforzar las obligaciones dentro del sistema penitenciario.<\/p>\n\n\n\n<p class=\"has-medium-font-size\">Entre los cambios m\u00e1s relevantes, se confirm\u00f3 que los internos ya no podr\u00e1n acceder a tel\u00e9fonos celulares durante su permanencia en prisi\u00f3n. Adem\u00e1s, se estableci\u00f3 el programa \u201cOcio Cero\u201d, que exige que las personas detenidas trabajen mientras cumplen su condena.<\/p>\n\n\n\n<p class=\"has-medium-font-size\">A esto se suma otra disposici\u00f3n: quienes se encuentren detenidos a disposici\u00f3n de la Justicia o con sentencia firme ya no podr\u00e1n ser beneficiarios de planes sociales.<\/p>\n\n\n\n<p class=\"has-medium-font-size\">Desde el Ejecutivo sostuvieron que las medidas buscan poner fin a situaciones consideradas injustas:<\/p>\n\n\n\n<p class=\"has-medium-font-size\"><br>\u201cLa c\u00e1rcel no es un hotel ni un recreo para nadie. Quienes causaron da\u00f1os en la sociedad pagan por sus acciones sin beneficios y sin excepciones\u201d, afirmaron.<\/p>\n\n\n\n<p class=\"has-medium-font-size\">Seg\u00fan expresaron, estas decisiones se implementan para evitar privilegios en el \u00e1mbito penitenciario y fortalecer el cumplimiento efectivo de las condenas.<\/p>\n<div class=\"fb-background-color\">\n\t\t\t  <div \n\t\t\t  \tclass = \"fb-comments\" \n\t\t\t  \tdata-href = \"https:\/\/www.elpolitologoyelpolitico.com.ar\/wordpress\/2025\/11\/01\/anuncian-que-los-presos-ya-no-tendran-celulares-y-deberan-trabajar-mientras-cumplen-su-condena\/\"\n\t\t\t  \tdata-numposts = \"10\"\n\t\t\t  \tdata-lazy = \"true\"\n\t\t\t\tdata-colorscheme = \"light\"\n\t\t\t\tdata-order-by = \"social\"\n\t\t\t\tdata-mobile=true>\n\t\t\t  <\/div><\/div>\n\t\t  <style>\n\t\t    .fb-background-color {\n\t\t\t\tbackground: #ffffff !important;\n\t\t\t}\n\t\t\t.fb_iframe_widget_fluid_desktop iframe {\n\t\t\t    width: 100% !important;\n\t\t\t}\n\t\t  <\/style>\n\t\t  ","protected":false},"excerpt":{"rendered":"<p>El Gobierno nacional anunci\u00f3 una serie de medidas que alcanzan a las personas privadas de la libertad, orientadas a limitar beneficios y reforzar las obligaciones dentro del sistema penitenciario. Entre los cambios m\u00e1s relevantes, se confirm\u00f3 que los internos ya no podr\u00e1n acceder a tel\u00e9fonos celulares durante su permanencia en prisi\u00f3n. Adem\u00e1s, se estableci\u00f3 el [&hellip;]<\/p>\n","protected":false},"author":4,"featured_media":42791,"comment_status":"closed","ping_status":"closed","sticky":false,"template":"","format":"standard","meta":{"_joinchat":[],"footnotes":""},"categories":[21],"tags":[],"class_list":["post-42790","post","type-post","status-publish","format-standard","has-post-thumbnail","hentry","category-actores-politicos"],"_links":{"self":[{"href":"https:\/\/www.elpolitologoyelpolitico.com.ar\/wordpress\/wp-json\/wp\/v2\/posts\/42790","targetHints":{"allow":["GET"]}}],"collection":[{"href":"https:\/\/www.elpolitologoyelpolitico.com.ar\/wordpress\/wp-json\/wp\/v2\/posts"}],"about":[{"href":"https:\/\/www.elpolitologoyelpolitico.com.ar\/wordpress\/wp-json\/wp\/v2\/types\/post"}],"author":[{"embeddable":true,"href":"https:\/\/www.elpolitologoyelpolitico.com.ar\/wordpress\/wp-json\/wp\/v2\/users\/4"}],"replies":[{"embeddable":true,"href":"https:\/\/www.elpolitologoyelpolitico.com.ar\/wordpress\/wp-json\/wp\/v2\/comments?post=42790"}],"version-history":[{"count":1,"href":"https:\/\/www.elpolitologoyelpolitico.com.ar\/wordpress\/wp-json\/wp\/v2\/posts\/42790\/revisions"}],"predecessor-version":[{"id":42792,"href":"https:\/\/www.elpolitologoyelpolitico.com.ar\/wordpress\/wp-json\/wp\/v2\/posts\/42790\/revisions\/42792"}],"wp:featuredmedia":[{"embeddable":true,"href":"https:\/\/www.elpolitologoyelpolitico.com.ar\/wordpress\/wp-json\/wp\/v2\/media\/42791"}],"wp:attachment":[{"href":"https:\/\/www.elpolitologoyelpolitico.com.ar\/wordpress\/wp-json\/wp\/v2\/media?parent=42790"}],"wp:term":[{"taxonomy":"category","embeddable":true,"href":"https:\/\/www.elpolitologoyelpolitico.com.ar\/wordpress\/wp-json\/wp\/v2\/categories?post=42790"},{"taxonomy":"post_tag","embeddable":true,"href":"https:\/\/www.elpolitologoyelpolitico.com.ar\/wordpress\/wp-json\/wp\/v2\/tags?post=42790"}],"curies":[{"name":"wp","href":"https:\/\/api.w.org\/{rel}","templated":true}]}}