{"id":42785,"date":"2025-10-30T15:27:09","date_gmt":"2025-10-30T18:27:09","guid":{"rendered":"https:\/\/www.elpolitologoyelpolitico.com.ar\/wordpress\/?p=42785"},"modified":"2025-10-30T15:37:15","modified_gmt":"2025-10-30T18:37:15","slug":"retiraron-al-perro-herido-pero-aun-se-desconoce-quien-lo-hizo","status":"publish","type":"post","link":"https:\/\/www.elpolitologoyelpolitico.com.ar\/wordpress\/2025\/10\/30\/retiraron-al-perro-herido-pero-aun-se-desconoce-quien-lo-hizo\/","title":{"rendered":"Retiraron al perro herido, pero a\u00fan se desconoce qui\u00e9n lo hizo"},"content":{"rendered":"\n<p>Un vecino del sector inform\u00f3 que el perro que hab\u00eda sido hallado herido en la calle G\u00fcemes 353 ya fue retirado del lugar. Por el momento, se desconoce qui\u00e9n lo llev\u00f3 ni hacia d\u00f3nde fue trasladado.<\/p>\n\n\n\n<p class=\"has-medium-font-size\">Solicitan que, si alguien tiene informaci\u00f3n sobre la persona que se llev\u00f3 al perro o sobre su estado actual, se comunique al 2920-624750 para confirmar que el animal se encuentre recibiendo atenci\u00f3n veterinaria.<\/p>\n\n\n\n<p><\/p>\n<div class=\"fb-background-color\">\n\t\t\t  <div \n\t\t\t  \tclass = \"fb-comments\" \n\t\t\t  \tdata-href = \"https:\/\/www.elpolitologoyelpolitico.com.ar\/wordpress\/2025\/10\/30\/retiraron-al-perro-herido-pero-aun-se-desconoce-quien-lo-hizo\/\"\n\t\t\t  \tdata-numposts = \"10\"\n\t\t\t  \tdata-lazy = \"true\"\n\t\t\t\tdata-colorscheme = \"light\"\n\t\t\t\tdata-order-by = \"social\"\n\t\t\t\tdata-mobile=true>\n\t\t\t  <\/div><\/div>\n\t\t  <style>\n\t\t    .fb-background-color {\n\t\t\t\tbackground: #ffffff !important;\n\t\t\t}\n\t\t\t.fb_iframe_widget_fluid_desktop iframe {\n\t\t\t    width: 100% !important;\n\t\t\t}\n\t\t  <\/style>\n\t\t  ","protected":false},"excerpt":{"rendered":"<p>Un vecino del sector inform\u00f3 que el perro que hab\u00eda sido hallado herido en la calle G\u00fcemes 353 ya fue retirado del lugar. Por el momento, se desconoce qui\u00e9n lo llev\u00f3 ni hacia d\u00f3nde fue trasladado. Solicitan que, si alguien tiene informaci\u00f3n sobre la persona que se llev\u00f3 al perro o sobre su estado actual, [&hellip;]<\/p>\n","protected":false},"author":4,"featured_media":42786,"comment_status":"closed","ping_status":"closed","sticky":false,"template":"","format":"standard","meta":{"_joinchat":[],"footnotes":""},"categories":[39],"tags":[],"class_list":["post-42785","post","type-post","status-publish","format-standard","has-post-thumbnail","hentry","category-en-esta-seccion"],"_links":{"self":[{"href":"https:\/\/www.elpolitologoyelpolitico.com.ar\/wordpress\/wp-json\/wp\/v2\/posts\/42785","targetHints":{"allow":["GET"]}}],"collection":[{"href":"https:\/\/www.elpolitologoyelpolitico.com.ar\/wordpress\/wp-json\/wp\/v2\/posts"}],"about":[{"href":"https:\/\/www.elpolitologoyelpolitico.com.ar\/wordpress\/wp-json\/wp\/v2\/types\/post"}],"author":[{"embeddable":true,"href":"https:\/\/www.elpolitologoyelpolitico.com.ar\/wordpress\/wp-json\/wp\/v2\/users\/4"}],"replies":[{"embeddable":true,"href":"https:\/\/www.elpolitologoyelpolitico.com.ar\/wordpress\/wp-json\/wp\/v2\/comments?post=42785"}],"version-history":[{"count":3,"href":"https:\/\/www.elpolitologoyelpolitico.com.ar\/wordpress\/wp-json\/wp\/v2\/posts\/42785\/revisions"}],"predecessor-version":[{"id":42789,"href":"https:\/\/www.elpolitologoyelpolitico.com.ar\/wordpress\/wp-json\/wp\/v2\/posts\/42785\/revisions\/42789"}],"wp:featuredmedia":[{"embeddable":true,"href":"https:\/\/www.elpolitologoyelpolitico.com.ar\/wordpress\/wp-json\/wp\/v2\/media\/42786"}],"wp:attachment":[{"href":"https:\/\/www.elpolitologoyelpolitico.com.ar\/wordpress\/wp-json\/wp\/v2\/media?parent=42785"}],"wp:term":[{"taxonomy":"category","embeddable":true,"href":"https:\/\/www.elpolitologoyelpolitico.com.ar\/wordpress\/wp-json\/wp\/v2\/categories?post=42785"},{"taxonomy":"post_tag","embeddable":true,"href":"https:\/\/www.elpolitologoyelpolitico.com.ar\/wordpress\/wp-json\/wp\/v2\/tags?post=42785"}],"curies":[{"name":"wp","href":"https:\/\/api.w.org\/{rel}","templated":true}]}}