{"id":42772,"date":"2025-10-30T12:34:37","date_gmt":"2025-10-30T15:34:37","guid":{"rendered":"https:\/\/www.elpolitologoyelpolitico.com.ar\/wordpress\/?p=42772"},"modified":"2025-10-30T12:40:45","modified_gmt":"2025-10-30T15:40:45","slug":"abandonaron-un-vehiculo-en-la-ruta-3-tras-una-persecucion-desde-bahia-blanca","status":"publish","type":"post","link":"https:\/\/www.elpolitologoyelpolitico.com.ar\/wordpress\/2025\/10\/30\/abandonaron-un-vehiculo-en-la-ruta-3-tras-una-persecucion-desde-bahia-blanca\/","title":{"rendered":"Abandonaron un veh\u00edculo en el Partido de Patagones: Escapaban de Bah\u00eda Blanca con un paquete de droga a Viedma"},"content":{"rendered":"\n<p class=\"has-medium-font-size\">Un veh\u00edculo fue abandonado esta madrugada en la Ruta Nacional 3, a la altura del kil\u00f3metro 940, cerca de Cagliero.<\/p>\n\n\n\n<p class=\"has-medium-font-size\">Seg\u00fan informaron, los ocupantes del auto habr\u00edan escapado desde la ciudad de Bah\u00eda Blanca, donde presuntamente hab\u00edan cometido un il\u00edcito. Adem\u00e1s, se contaba con el dato de que trasladaban paquetes con droga hacia la ciudad de Viedma.<\/p>\n\n\n\n<figure class=\"wp-block-image size-large\"><img fetchpriority=\"high\" decoding=\"async\" width=\"1024\" height=\"576\" src=\"https:\/\/www.elpolitologoyelpolitico.com.ar\/wp-content\/uploads\/2025\/10\/WhatsApp-Image-2025-10-30-at-12.19.05-1024x576.jpeg\" alt=\"\" class=\"wp-image-42775\" srcset=\"https:\/\/www.elpolitologoyelpolitico.com.ar\/wp-content\/uploads\/2025\/10\/WhatsApp-Image-2025-10-30-at-12.19.05-1024x576.jpeg 1024w, https:\/\/www.elpolitologoyelpolitico.com.ar\/wp-content\/uploads\/2025\/10\/WhatsApp-Image-2025-10-30-at-12.19.05-300x169.jpeg 300w, https:\/\/www.elpolitologoyelpolitico.com.ar\/wp-content\/uploads\/2025\/10\/WhatsApp-Image-2025-10-30-at-12.19.05-768x432.jpeg 768w, https:\/\/www.elpolitologoyelpolitico.com.ar\/wp-content\/uploads\/2025\/10\/WhatsApp-Image-2025-10-30-at-12.19.05.jpeg 1280w\" sizes=\"(max-width: 1024px) 100vw, 1024px\" \/><\/figure>\n\n\n\n<p class=\"has-medium-font-size\">El hecho ocurri\u00f3 alrededor de las 5 de la ma\u00f1ana, cuando el veh\u00edculo, que era seguido desde Bah\u00eda Blanca, fue finalmente abandonado en la zona mencionada.<\/p>\n\n\n\n<figure class=\"wp-block-image size-large\"><img decoding=\"async\" width=\"576\" height=\"1024\" src=\"https:\/\/www.elpolitologoyelpolitico.com.ar\/wp-content\/uploads\/2025\/10\/WhatsApp-Image-2025-10-30-at-12.19.05-2-576x1024.jpeg\" alt=\"\" class=\"wp-image-42776\" srcset=\"https:\/\/www.elpolitologoyelpolitico.com.ar\/wp-content\/uploads\/2025\/10\/WhatsApp-Image-2025-10-30-at-12.19.05-2-576x1024.jpeg 576w, https:\/\/www.elpolitologoyelpolitico.com.ar\/wp-content\/uploads\/2025\/10\/WhatsApp-Image-2025-10-30-at-12.19.05-2-169x300.jpeg 169w, https:\/\/www.elpolitologoyelpolitico.com.ar\/wp-content\/uploads\/2025\/10\/WhatsApp-Image-2025-10-30-at-12.19.05-2.jpeg 720w\" sizes=\"(max-width: 576px) 100vw, 576px\" \/><\/figure>\n<div class=\"fb-background-color\">\n\t\t\t  <div \n\t\t\t  \tclass = \"fb-comments\" \n\t\t\t  \tdata-href = \"https:\/\/www.elpolitologoyelpolitico.com.ar\/wordpress\/2025\/10\/30\/abandonaron-un-vehiculo-en-la-ruta-3-tras-una-persecucion-desde-bahia-blanca\/\"\n\t\t\t  \tdata-numposts = \"10\"\n\t\t\t  \tdata-lazy = \"true\"\n\t\t\t\tdata-colorscheme = \"light\"\n\t\t\t\tdata-order-by = \"social\"\n\t\t\t\tdata-mobile=true>\n\t\t\t  <\/div><\/div>\n\t\t  <style>\n\t\t    .fb-background-color {\n\t\t\t\tbackground: #ffffff !important;\n\t\t\t}\n\t\t\t.fb_iframe_widget_fluid_desktop iframe {\n\t\t\t    width: 100% !important;\n\t\t\t}\n\t\t  <\/style>\n\t\t  ","protected":false},"excerpt":{"rendered":"<p>Un veh\u00edculo fue abandonado esta madrugada en la Ruta Nacional 3, a la altura del kil\u00f3metro 940, cerca de Cagliero. Seg\u00fan informaron, los ocupantes del auto habr\u00edan escapado desde la ciudad de Bah\u00eda Blanca, donde presuntamente hab\u00edan cometido un il\u00edcito. Adem\u00e1s, se contaba con el dato de que trasladaban paquetes con droga hacia la ciudad [&hellip;]<\/p>\n","protected":false},"author":4,"featured_media":42774,"comment_status":"closed","ping_status":"closed","sticky":false,"template":"","format":"standard","meta":{"_joinchat":[],"footnotes":""},"categories":[39],"tags":[],"class_list":["post-42772","post","type-post","status-publish","format-standard","has-post-thumbnail","hentry","category-en-esta-seccion"],"_links":{"self":[{"href":"https:\/\/www.elpolitologoyelpolitico.com.ar\/wordpress\/wp-json\/wp\/v2\/posts\/42772","targetHints":{"allow":["GET"]}}],"collection":[{"href":"https:\/\/www.elpolitologoyelpolitico.com.ar\/wordpress\/wp-json\/wp\/v2\/posts"}],"about":[{"href":"https:\/\/www.elpolitologoyelpolitico.com.ar\/wordpress\/wp-json\/wp\/v2\/types\/post"}],"author":[{"embeddable":true,"href":"https:\/\/www.elpolitologoyelpolitico.com.ar\/wordpress\/wp-json\/wp\/v2\/users\/4"}],"replies":[{"embeddable":true,"href":"https:\/\/www.elpolitologoyelpolitico.com.ar\/wordpress\/wp-json\/wp\/v2\/comments?post=42772"}],"version-history":[{"count":3,"href":"https:\/\/www.elpolitologoyelpolitico.com.ar\/wordpress\/wp-json\/wp\/v2\/posts\/42772\/revisions"}],"predecessor-version":[{"id":42778,"href":"https:\/\/www.elpolitologoyelpolitico.com.ar\/wordpress\/wp-json\/wp\/v2\/posts\/42772\/revisions\/42778"}],"wp:featuredmedia":[{"embeddable":true,"href":"https:\/\/www.elpolitologoyelpolitico.com.ar\/wordpress\/wp-json\/wp\/v2\/media\/42774"}],"wp:attachment":[{"href":"https:\/\/www.elpolitologoyelpolitico.com.ar\/wordpress\/wp-json\/wp\/v2\/media?parent=42772"}],"wp:term":[{"taxonomy":"category","embeddable":true,"href":"https:\/\/www.elpolitologoyelpolitico.com.ar\/wordpress\/wp-json\/wp\/v2\/categories?post=42772"},{"taxonomy":"post_tag","embeddable":true,"href":"https:\/\/www.elpolitologoyelpolitico.com.ar\/wordpress\/wp-json\/wp\/v2\/tags?post=42772"}],"curies":[{"name":"wp","href":"https:\/\/api.w.org\/{rel}","templated":true}]}}