{"id":42736,"date":"2025-10-27T20:59:40","date_gmt":"2025-10-27T23:59:40","guid":{"rendered":"https:\/\/www.elpolitologoyelpolitico.com.ar\/wordpress\/?p=42736"},"modified":"2025-10-27T20:59:42","modified_gmt":"2025-10-27T23:59:42","slug":"sebastian-andrada-candidato-a-presidente-de-la-comision-de-fomento-del-b-268-viviendas-queremos-trabajar-por-y-para-la-gente-del-barrio","status":"publish","type":"post","link":"https:\/\/www.elpolitologoyelpolitico.com.ar\/wordpress\/2025\/10\/27\/sebastian-andrada-candidato-a-presidente-de-la-comision-de-fomento-del-b-268-viviendas-queremos-trabajar-por-y-para-la-gente-del-barrio\/","title":{"rendered":"Sebasti\u00e1n Andrada, candidato a presidente de la Comisi\u00f3n de Fomento del B\u00b0 268 Viviendas: \u201cQueremos trabajar por y para la gente del barrio\u201d"},"content":{"rendered":"\n<figure class=\"wp-block-audio\"><audio controls src=\"https:\/\/www.elpolitologoyelpolitico.com.ar\/wp-content\/uploads\/2025\/10\/2025-10-24-Sebastian-Andrada.mp3\"><\/audio><\/figure>\n\n\n\n<p class=\"has-medium-font-size\">De cara a las pr\u00f3ximas elecciones en la Comisi\u00f3n de Fomento del B\u00b0 268 Viviendas, que se realizar\u00e1n el 2 de noviembre, el candidato Sebasti\u00e1n Andrada dialog\u00f3 sobre las propuestas y el equipo que lo acompa\u00f1a en la lista Verde y Negra 268.<\/p>\n\n\n\n<p class=\"has-medium-font-size\">\u201cDecidimos reunirnos con los vecinos que integran la lista, gente del barrio que tiene ganas de sumar. Fue una charla muy positiva, donde salieron muchas ideas y proyectos\u201d, coment\u00f3 Andrada.<\/p>\n\n\n\n<p class=\"has-medium-font-size\">El candidato explic\u00f3 que su principal objetivo es formar una cooperativa barrial para generar empleo local. \u201cQueremos crear la Cooperativa Barrio 268 para dar una salida laboral a j\u00f3venes de entre 18 y 30 a\u00f1os, tanto mujeres como varones. Que puedan tener aportes, obra social y la posibilidad de trabajar dignamente\u201d, detall\u00f3.<\/p>\n\n\n\n<p class=\"has-medium-font-size\">Adem\u00e1s, mencion\u00f3 la intenci\u00f3n de trabajar junto al club y al SUM del barrio, y destac\u00f3 la importancia de mejorar la infraestructura: \u201cPedimos luminarias para la plaza y estamos a la espera de que lleguen. Si Dios quiere, pronto vamos a poder colocar la iluminaci\u00f3n que el barrio necesita\u201d.<\/p>\n\n\n\n<figure class=\"wp-block-image size-large\"><img fetchpriority=\"high\" decoding=\"async\" width=\"1024\" height=\"804\" src=\"https:\/\/www.elpolitologoyelpolitico.com.ar\/wp-content\/uploads\/2025\/10\/WhatsApp-Image-2025-10-24-at-22.35.00-1-1024x804.jpeg\" alt=\"\" class=\"wp-image-42739\" srcset=\"https:\/\/www.elpolitologoyelpolitico.com.ar\/wp-content\/uploads\/2025\/10\/WhatsApp-Image-2025-10-24-at-22.35.00-1-1024x804.jpeg 1024w, https:\/\/www.elpolitologoyelpolitico.com.ar\/wp-content\/uploads\/2025\/10\/WhatsApp-Image-2025-10-24-at-22.35.00-1-300x236.jpeg 300w, https:\/\/www.elpolitologoyelpolitico.com.ar\/wp-content\/uploads\/2025\/10\/WhatsApp-Image-2025-10-24-at-22.35.00-1-768x603.jpeg 768w, https:\/\/www.elpolitologoyelpolitico.com.ar\/wp-content\/uploads\/2025\/10\/WhatsApp-Image-2025-10-24-at-22.35.00-1.jpeg 1080w\" sizes=\"(max-width: 1024px) 100vw, 1024px\" \/><\/figure>\n\n\n\n<p class=\"has-medium-font-size\">Sobre la conformaci\u00f3n de la lista, Andrada se\u00f1al\u00f3: \u201cSomos todos del barrio, de distintas edades. Buscamos tener un referente por manzana para que cada vecino tenga a qui\u00e9n acudir si necesita algo. La idea es que el trabajo sea integral y comunitario\u201d.<\/p>\n\n\n\n<p class=\"has-medium-font-size\">Consultado sobre las inquietudes que m\u00e1s expresan los vecinos, expres\u00f3: \u201cHay familias que tienen problemas en los techos, adultos mayores solos, personas con discapacidad\u2026 nunca se hizo un censo para conocer esas realidades. Nosotros queremos ayudar de verdad, escuchar y actuar\u201d.<\/p>\n\n\n\n<p class=\"has-medium-font-size\">Por \u00faltimo, Andrada convoc\u00f3 a los vecinos a participar: \u201cM\u00e1s all\u00e1 de que ganemos o no, vamos a seguir apoyando al barrio. Lo importante es sumar siempre. Invitamos a todos los que tengan domicilio en el 268 Viviendas a acercarse y votar el 2 de noviembre\u201d.<\/p>\n\n\n\n<p class=\"has-medium-font-size\">Los vecinos van a tener la posibilidad de elegir entre dos listas.<\/p>\n<div class=\"fb-background-color\">\n\t\t\t  <div \n\t\t\t  \tclass = \"fb-comments\" \n\t\t\t  \tdata-href = \"https:\/\/www.elpolitologoyelpolitico.com.ar\/wordpress\/2025\/10\/27\/sebastian-andrada-candidato-a-presidente-de-la-comision-de-fomento-del-b-268-viviendas-queremos-trabajar-por-y-para-la-gente-del-barrio\/\"\n\t\t\t  \tdata-numposts = \"10\"\n\t\t\t  \tdata-lazy = \"true\"\n\t\t\t\tdata-colorscheme = \"light\"\n\t\t\t\tdata-order-by = \"social\"\n\t\t\t\tdata-mobile=true>\n\t\t\t  <\/div><\/div>\n\t\t  <style>\n\t\t    .fb-background-color {\n\t\t\t\tbackground: #ffffff !important;\n\t\t\t}\n\t\t\t.fb_iframe_widget_fluid_desktop iframe {\n\t\t\t    width: 100% !important;\n\t\t\t}\n\t\t  <\/style>\n\t\t  ","protected":false},"excerpt":{"rendered":"<p>De cara a las pr\u00f3ximas elecciones en la Comisi\u00f3n de Fomento del B\u00b0 268 Viviendas, que se realizar\u00e1n el 2 de noviembre, el candidato Sebasti\u00e1n Andrada dialog\u00f3 sobre las propuestas y el equipo que lo acompa\u00f1a en la lista Verde y Negra 268. \u201cDecidimos reunirnos con los vecinos que integran la lista, gente del barrio [&hellip;]<\/p>\n","protected":false},"author":4,"featured_media":42738,"comment_status":"closed","ping_status":"closed","sticky":false,"template":"","format":"standard","meta":{"_joinchat":[],"footnotes":""},"categories":[38],"tags":[],"class_list":["post-42736","post","type-post","status-publish","format-standard","has-post-thumbnail","hentry","category-elecciones"],"_links":{"self":[{"href":"https:\/\/www.elpolitologoyelpolitico.com.ar\/wordpress\/wp-json\/wp\/v2\/posts\/42736","targetHints":{"allow":["GET"]}}],"collection":[{"href":"https:\/\/www.elpolitologoyelpolitico.com.ar\/wordpress\/wp-json\/wp\/v2\/posts"}],"about":[{"href":"https:\/\/www.elpolitologoyelpolitico.com.ar\/wordpress\/wp-json\/wp\/v2\/types\/post"}],"author":[{"embeddable":true,"href":"https:\/\/www.elpolitologoyelpolitico.com.ar\/wordpress\/wp-json\/wp\/v2\/users\/4"}],"replies":[{"embeddable":true,"href":"https:\/\/www.elpolitologoyelpolitico.com.ar\/wordpress\/wp-json\/wp\/v2\/comments?post=42736"}],"version-history":[{"count":2,"href":"https:\/\/www.elpolitologoyelpolitico.com.ar\/wordpress\/wp-json\/wp\/v2\/posts\/42736\/revisions"}],"predecessor-version":[{"id":42742,"href":"https:\/\/www.elpolitologoyelpolitico.com.ar\/wordpress\/wp-json\/wp\/v2\/posts\/42736\/revisions\/42742"}],"wp:featuredmedia":[{"embeddable":true,"href":"https:\/\/www.elpolitologoyelpolitico.com.ar\/wordpress\/wp-json\/wp\/v2\/media\/42738"}],"wp:attachment":[{"href":"https:\/\/www.elpolitologoyelpolitico.com.ar\/wordpress\/wp-json\/wp\/v2\/media?parent=42736"}],"wp:term":[{"taxonomy":"category","embeddable":true,"href":"https:\/\/www.elpolitologoyelpolitico.com.ar\/wordpress\/wp-json\/wp\/v2\/categories?post=42736"},{"taxonomy":"post_tag","embeddable":true,"href":"https:\/\/www.elpolitologoyelpolitico.com.ar\/wordpress\/wp-json\/wp\/v2\/tags?post=42736"}],"curies":[{"name":"wp","href":"https:\/\/api.w.org\/{rel}","templated":true}]}}