{"id":42716,"date":"2025-10-24T09:00:01","date_gmt":"2025-10-24T12:00:01","guid":{"rendered":"https:\/\/www.elpolitologoyelpolitico.com.ar\/wordpress\/?p=42716"},"modified":"2025-10-24T12:06:21","modified_gmt":"2025-10-24T15:06:21","slug":"la-fundacion-mas-que-vencedores-lanzo-una-campana-solidaria-para-colaborar-con-un-joven-que-sufrio-un-accidente","status":"publish","type":"post","link":"https:\/\/www.elpolitologoyelpolitico.com.ar\/wordpress\/2025\/10\/24\/la-fundacion-mas-que-vencedores-lanzo-una-campana-solidaria-para-colaborar-con-un-joven-que-sufrio-un-accidente\/","title":{"rendered":"La Fundaci\u00f3n M\u00e1s Que Vencedores lanz\u00f3 una campa\u00f1a solidaria para colaborar con un joven que sufri\u00f3 un accidente"},"content":{"rendered":"\n<figure class=\"wp-block-audio\"><audio controls src=\"https:\/\/www.elpolitologoyelpolitico.com.ar\/wp-content\/uploads\/2025\/10\/Pablo-Ramos.mp3\"><\/audio><\/figure>\n\n\n\n<p class=\"has-medium-font-size\">La Fundaci\u00f3n M\u00e1s Que Vencedores inici\u00f3 una campa\u00f1a solidaria para ayudar a Leonel Ramos, un joven que sufri\u00f3 un grave accidente y necesita ser operado con urgencia. La intervenci\u00f3n requiere la compra de plaquetas y distintos insumos m\u00e9dicos de alto costo.<\/p>\n\n\n\n<p class=\"has-medium-font-size\">Pablo Ramos, integrante de la fundaci\u00f3n, explic\u00f3 la situaci\u00f3n y pidi\u00f3 la colaboraci\u00f3n de la comunidad. \u201cLeonel tuvo una fractura expuesta de tibia y peron\u00e9 en la pierna izquierda. No tiene obra social y trabaja de manera independiente, por eso desde la fundaci\u00f3n estamos tratando de reunir el dinero necesario para que pueda operarse lo antes posible\u201d, expres\u00f3.<\/p>\n\n\n\n<p class=\"has-medium-font-size\">Agreg\u00f3: \u201cSabemos que la comarca es muy solidaria en estos casos. Pusimos a disposici\u00f3n una cuenta para que quienes quieran colaborar puedan hacerlo. Todo lo que se recaude ser\u00e1 destinado \u00edntegramente a cubrir los gastos de la operaci\u00f3n\u201d.<\/p>\n\n\n\n<p class=\"has-medium-font-size\">El alias de la cuenta es Fundaci\u00f3n MQB Corta, y adem\u00e1s se habilit\u00f3 el n\u00famero 02920-270266 para que las personas interesadas puedan comunicarse y colaborar con la causa.<\/p>\n\n\n\n<p class=\"has-medium-font-size\">Ramos destac\u00f3 tambi\u00e9n el trabajo que la fundaci\u00f3n realiza de manera permanente en distintos \u00e1mbitos sociales. \u201cDesde la Fundaci\u00f3n M\u00e1s Que Vencedores ayudamos a las personas con diferentes necesidades: alimentos, contenci\u00f3n, acompa\u00f1amiento, y trabajamos con j\u00f3venes, adultos y adultos mayores. Tambi\u00e9n abordamos problem\u00e1ticas como las adicciones y otras situaciones que afectan a la comunidad\u201d, explic\u00f3.<\/p>\n\n\n\n<p class=\"has-medium-font-size\">La sede de la fundaci\u00f3n est\u00e1 ubicada en Cardenal Cagliero 1438, donde se coordinan las actividades y se reciben donaciones. Quienes deseen conocer m\u00e1s o sumarse a la iniciativa pueden comunicarse directamente con Pablo Ramos al 2920-674980.<\/p>\n\n\n\n<p class=\"has-medium-font-size\">Por \u00faltimo, Ramos agradeci\u00f3 el apoyo recibido y destac\u00f3 el esp\u00edritu solidario de la gente. \u201cTodo lo que se recaude ser\u00e1 registrado y destinado exclusivamente a la operaci\u00f3n de Leonel. Queremos que se recupere pronto y pueda volver a su casa. Cada aporte, por peque\u00f1o que sea, suma y puede hacer la diferencia\u201d.<\/p>\n\n\n\n<figure class=\"wp-block-image size-large\"><img fetchpriority=\"high\" decoding=\"async\" width=\"1024\" height=\"576\" src=\"https:\/\/www.elpolitologoyelpolitico.com.ar\/wp-content\/uploads\/2025\/10\/WhatsApp-Image-2025-10-24-at-11.46.43-1024x576.jpeg\" alt=\"\" class=\"wp-image-42721\" srcset=\"https:\/\/www.elpolitologoyelpolitico.com.ar\/wp-content\/uploads\/2025\/10\/WhatsApp-Image-2025-10-24-at-11.46.43-1024x576.jpeg 1024w, https:\/\/www.elpolitologoyelpolitico.com.ar\/wp-content\/uploads\/2025\/10\/WhatsApp-Image-2025-10-24-at-11.46.43-300x169.jpeg 300w, https:\/\/www.elpolitologoyelpolitico.com.ar\/wp-content\/uploads\/2025\/10\/WhatsApp-Image-2025-10-24-at-11.46.43-768x432.jpeg 768w, https:\/\/www.elpolitologoyelpolitico.com.ar\/wp-content\/uploads\/2025\/10\/WhatsApp-Image-2025-10-24-at-11.46.43-1536x864.jpeg 1536w, https:\/\/www.elpolitologoyelpolitico.com.ar\/wp-content\/uploads\/2025\/10\/WhatsApp-Image-2025-10-24-at-11.46.43.jpeg 1599w\" sizes=\"(max-width: 1024px) 100vw, 1024px\" \/><\/figure>\n<div class=\"fb-background-color\">\n\t\t\t  <div \n\t\t\t  \tclass = \"fb-comments\" \n\t\t\t  \tdata-href = \"https:\/\/www.elpolitologoyelpolitico.com.ar\/wordpress\/2025\/10\/24\/la-fundacion-mas-que-vencedores-lanzo-una-campana-solidaria-para-colaborar-con-un-joven-que-sufrio-un-accidente\/\"\n\t\t\t  \tdata-numposts = \"10\"\n\t\t\t  \tdata-lazy = \"true\"\n\t\t\t\tdata-colorscheme = \"light\"\n\t\t\t\tdata-order-by = \"social\"\n\t\t\t\tdata-mobile=true>\n\t\t\t  <\/div><\/div>\n\t\t  <style>\n\t\t    .fb-background-color {\n\t\t\t\tbackground: #ffffff !important;\n\t\t\t}\n\t\t\t.fb_iframe_widget_fluid_desktop iframe {\n\t\t\t    width: 100% !important;\n\t\t\t}\n\t\t  <\/style>\n\t\t  ","protected":false},"excerpt":{"rendered":"<p>La Fundaci\u00f3n M\u00e1s Que Vencedores inici\u00f3 una campa\u00f1a solidaria para ayudar a Leonel Ramos, un joven que sufri\u00f3 un grave accidente y necesita ser operado con urgencia. La intervenci\u00f3n requiere la compra de plaquetas y distintos insumos m\u00e9dicos de alto costo. Pablo Ramos, integrante de la fundaci\u00f3n, explic\u00f3 la situaci\u00f3n y pidi\u00f3 la colaboraci\u00f3n de [&hellip;]<\/p>\n","protected":false},"author":4,"featured_media":42717,"comment_status":"closed","ping_status":"closed","sticky":false,"template":"","format":"standard","meta":{"_joinchat":[],"footnotes":""},"categories":[18],"tags":[],"class_list":["post-42716","post","type-post","status-publish","format-standard","has-post-thumbnail","hentry","category-fundaciones-asociaciones"],"_links":{"self":[{"href":"https:\/\/www.elpolitologoyelpolitico.com.ar\/wordpress\/wp-json\/wp\/v2\/posts\/42716","targetHints":{"allow":["GET"]}}],"collection":[{"href":"https:\/\/www.elpolitologoyelpolitico.com.ar\/wordpress\/wp-json\/wp\/v2\/posts"}],"about":[{"href":"https:\/\/www.elpolitologoyelpolitico.com.ar\/wordpress\/wp-json\/wp\/v2\/types\/post"}],"author":[{"embeddable":true,"href":"https:\/\/www.elpolitologoyelpolitico.com.ar\/wordpress\/wp-json\/wp\/v2\/users\/4"}],"replies":[{"embeddable":true,"href":"https:\/\/www.elpolitologoyelpolitico.com.ar\/wordpress\/wp-json\/wp\/v2\/comments?post=42716"}],"version-history":[{"count":3,"href":"https:\/\/www.elpolitologoyelpolitico.com.ar\/wordpress\/wp-json\/wp\/v2\/posts\/42716\/revisions"}],"predecessor-version":[{"id":42722,"href":"https:\/\/www.elpolitologoyelpolitico.com.ar\/wordpress\/wp-json\/wp\/v2\/posts\/42716\/revisions\/42722"}],"wp:featuredmedia":[{"embeddable":true,"href":"https:\/\/www.elpolitologoyelpolitico.com.ar\/wordpress\/wp-json\/wp\/v2\/media\/42717"}],"wp:attachment":[{"href":"https:\/\/www.elpolitologoyelpolitico.com.ar\/wordpress\/wp-json\/wp\/v2\/media?parent=42716"}],"wp:term":[{"taxonomy":"category","embeddable":true,"href":"https:\/\/www.elpolitologoyelpolitico.com.ar\/wordpress\/wp-json\/wp\/v2\/categories?post=42716"},{"taxonomy":"post_tag","embeddable":true,"href":"https:\/\/www.elpolitologoyelpolitico.com.ar\/wordpress\/wp-json\/wp\/v2\/tags?post=42716"}],"curies":[{"name":"wp","href":"https:\/\/api.w.org\/{rel}","templated":true}]}}