{"id":42552,"date":"2025-10-18T22:49:09","date_gmt":"2025-10-19T01:49:09","guid":{"rendered":"https:\/\/www.elpolitologoyelpolitico.com.ar\/wordpress\/?p=42552"},"modified":"2025-10-18T22:49:11","modified_gmt":"2025-10-19T01:49:11","slug":"javier-milei-mientras-que-la-lider-de-ellos-anda-en-tobillera-a-nosotros-nos-respetan-en-el-mundo","status":"publish","type":"post","link":"https:\/\/www.elpolitologoyelpolitico.com.ar\/wordpress\/2025\/10\/18\/javier-milei-mientras-que-la-lider-de-ellos-anda-en-tobillera-a-nosotros-nos-respetan-en-el-mundo\/","title":{"rendered":"Javier Milei: \u00abMientras que la l\u00edder de ellos anda en tobillera a nosotros nos respetan en el mundo"},"content":{"rendered":"\n<p>El presidente Javier Milei viaj\u00f3 este s\u00e1bado al norte del pa\u00eds para encabezar actos de campa\u00f1a en Santiago del Estero y Tucum\u00e1n, en el marco del tramo final antes de las elecciones. <\/p>\n\n\n\n<p>\u201cEstamos transformando al pa\u00eds, dejando atr\u00e1s d\u00e9cadas de decadencia y construyendo una Argentina basada en el m\u00e9rito, el trabajo y la libertad. Cada provincia tiene un rol clave en este proceso\u201d, declar\u00f3 Milei en Santiago del Estero.<\/p>\n\n\n\n<p>Frente a una multitud, el Presidente areng\u00f3 a los militantes: \u201cEs momento de decidir si queremos seguir siendo esclavos o abrazar las ideas de la libertad\u201d. \u201cSabemos que la situaci\u00f3n no es f\u00e1cil, pero estamos en el camino correcto\u201d.<\/p>\n\n\n\n<p>Adem\u00e1s, aprovech\u00f3 para apuntar contra el kirchnerismo: \u201cMientras que la l\u00edder de ellos anda en tobillera y no puede pisar la calle, nosotros nos respetan en el mundo\u201d.<\/p>\n\n\n\n<p>En Santiago del Estero, Milei estuvo acompa\u00f1ado por Laura Godoy, candidata a diputada nacional, y Tom\u00e1s Figueroa, postulante al Senado. M\u00e1s tarde, en Tucum\u00e1n, compartir\u00e1 la jornada con Federico Pelli, candidato a diputado nacional.<\/p>\n\n\n\n<figure class=\"wp-block-image size-full\"><img fetchpriority=\"high\" decoding=\"async\" width=\"992\" height=\"558\" src=\"https:\/\/www.elpolitologoyelpolitico.com.ar\/wp-content\/uploads\/2025\/10\/TP4WIYTMMBCERBUSCN7ZL5P45E.jpg\" alt=\"\" class=\"wp-image-42555\" srcset=\"https:\/\/www.elpolitologoyelpolitico.com.ar\/wp-content\/uploads\/2025\/10\/TP4WIYTMMBCERBUSCN7ZL5P45E.jpg 992w, https:\/\/www.elpolitologoyelpolitico.com.ar\/wp-content\/uploads\/2025\/10\/TP4WIYTMMBCERBUSCN7ZL5P45E-300x169.jpg 300w, https:\/\/www.elpolitologoyelpolitico.com.ar\/wp-content\/uploads\/2025\/10\/TP4WIYTMMBCERBUSCN7ZL5P45E-768x432.jpg 768w\" sizes=\"(max-width: 992px) 100vw, 992px\" \/><\/figure>\n\n\n\n<p><\/p>\n\n\n\n<p><strong>Visita a Tucum\u00e1n, otra provincia complicada para LLA<\/strong><\/p>\n\n\n\n<p>Tras su paso por Santiago del Estero, Milei y su comitiva aterrizaron a las 13:15 en el Aeropuerto Internacional Teniente Benjam\u00edn Matienzo de Tucum\u00e1n y a las 19 lleg\u00f3 a la ciudad de Yerba Buena, un municipio vecino a la capital San Miguel.<\/p>\n\n\n\n<p>Milei lleg\u00f3 a Yerba Buena y, tal como hizo en otros lugares durante la campa\u00f1a, se movi\u00f3 a bordo de la caja de una camioneta durante algunas cuadras entre cientos de personas. <\/p>\n\n\n\n<p>A su lado se mantuvo la secretaria general de la Presidencia, Karina Milei.<\/p>\n\n\n\n<p>\u201cEs una alegr\u00eda estar en la tierra del padre de la Constituci\u00f3n, Juan Bautista Alberdi\u201d, grit\u00f3 Milei con un meg\u00e1fono mientras el p\u00fablico gritaba \u201c\u00a1Presidente!\u201c y \u201d\u00a1Libertad!\u201c.<\/p>\n\n\n\n<p>\u201cEste 26 elegimos entre la civilizaci\u00f3n y la barbarie. Entre la libertad o la esclavitud que proponen los kirchneristas. Les propongo que sigamos avanzando en las ideas de la libertad\u201d, dijo Milei.<\/p>\n\n\n\n<p>\u201cNunca dije que iba a ser f\u00e1cil. Estamos a mitad de camino. Hagamos que el esfuerzo valga la pena. Sigamos apoyando este modelo\u201d, propuso el presidente. La multitud le respondi\u00f3: \u201cMilei querido el pueblo est\u00e1 contigo\u00bb.<\/p>\n\n\n\n<figure class=\"wp-block-image size-full\"><img decoding=\"async\" width=\"992\" height=\"661\" src=\"https:\/\/www.elpolitologoyelpolitico.com.ar\/wp-content\/uploads\/2025\/10\/PI6HHPAEIBC4DCOGLNSJVMSLRA.jpeg\" alt=\"\" class=\"wp-image-42554\" srcset=\"https:\/\/www.elpolitologoyelpolitico.com.ar\/wp-content\/uploads\/2025\/10\/PI6HHPAEIBC4DCOGLNSJVMSLRA.jpeg 992w, https:\/\/www.elpolitologoyelpolitico.com.ar\/wp-content\/uploads\/2025\/10\/PI6HHPAEIBC4DCOGLNSJVMSLRA-300x200.jpeg 300w, https:\/\/www.elpolitologoyelpolitico.com.ar\/wp-content\/uploads\/2025\/10\/PI6HHPAEIBC4DCOGLNSJVMSLRA-768x512.jpeg 768w\" sizes=\"(max-width: 992px) 100vw, 992px\" \/><\/figure>\n<div class=\"fb-background-color\">\n\t\t\t  <div \n\t\t\t  \tclass = \"fb-comments\" \n\t\t\t  \tdata-href = \"https:\/\/www.elpolitologoyelpolitico.com.ar\/wordpress\/2025\/10\/18\/javier-milei-mientras-que-la-lider-de-ellos-anda-en-tobillera-a-nosotros-nos-respetan-en-el-mundo\/\"\n\t\t\t  \tdata-numposts = \"10\"\n\t\t\t  \tdata-lazy = \"true\"\n\t\t\t\tdata-colorscheme = \"light\"\n\t\t\t\tdata-order-by = \"social\"\n\t\t\t\tdata-mobile=true>\n\t\t\t  <\/div><\/div>\n\t\t  <style>\n\t\t    .fb-background-color {\n\t\t\t\tbackground: #ffffff !important;\n\t\t\t}\n\t\t\t.fb_iframe_widget_fluid_desktop iframe {\n\t\t\t    width: 100% !important;\n\t\t\t}\n\t\t  <\/style>\n\t\t  ","protected":false},"excerpt":{"rendered":"<p>El presidente Javier Milei viaj\u00f3 este s\u00e1bado al norte del pa\u00eds para encabezar actos de campa\u00f1a en Santiago del Estero y Tucum\u00e1n, en el marco del tramo final antes de las elecciones. \u201cEstamos transformando al pa\u00eds, dejando atr\u00e1s d\u00e9cadas de decadencia y construyendo una Argentina basada en el m\u00e9rito, el trabajo y la libertad. Cada [&hellip;]<\/p>\n","protected":false},"author":4,"featured_media":42553,"comment_status":"closed","ping_status":"closed","sticky":false,"template":"","format":"standard","meta":{"_joinchat":[],"footnotes":""},"categories":[38],"tags":[],"class_list":["post-42552","post","type-post","status-publish","format-standard","has-post-thumbnail","hentry","category-elecciones"],"_links":{"self":[{"href":"https:\/\/www.elpolitologoyelpolitico.com.ar\/wordpress\/wp-json\/wp\/v2\/posts\/42552","targetHints":{"allow":["GET"]}}],"collection":[{"href":"https:\/\/www.elpolitologoyelpolitico.com.ar\/wordpress\/wp-json\/wp\/v2\/posts"}],"about":[{"href":"https:\/\/www.elpolitologoyelpolitico.com.ar\/wordpress\/wp-json\/wp\/v2\/types\/post"}],"author":[{"embeddable":true,"href":"https:\/\/www.elpolitologoyelpolitico.com.ar\/wordpress\/wp-json\/wp\/v2\/users\/4"}],"replies":[{"embeddable":true,"href":"https:\/\/www.elpolitologoyelpolitico.com.ar\/wordpress\/wp-json\/wp\/v2\/comments?post=42552"}],"version-history":[{"count":1,"href":"https:\/\/www.elpolitologoyelpolitico.com.ar\/wordpress\/wp-json\/wp\/v2\/posts\/42552\/revisions"}],"predecessor-version":[{"id":42556,"href":"https:\/\/www.elpolitologoyelpolitico.com.ar\/wordpress\/wp-json\/wp\/v2\/posts\/42552\/revisions\/42556"}],"wp:featuredmedia":[{"embeddable":true,"href":"https:\/\/www.elpolitologoyelpolitico.com.ar\/wordpress\/wp-json\/wp\/v2\/media\/42553"}],"wp:attachment":[{"href":"https:\/\/www.elpolitologoyelpolitico.com.ar\/wordpress\/wp-json\/wp\/v2\/media?parent=42552"}],"wp:term":[{"taxonomy":"category","embeddable":true,"href":"https:\/\/www.elpolitologoyelpolitico.com.ar\/wordpress\/wp-json\/wp\/v2\/categories?post=42552"},{"taxonomy":"post_tag","embeddable":true,"href":"https:\/\/www.elpolitologoyelpolitico.com.ar\/wordpress\/wp-json\/wp\/v2\/tags?post=42552"}],"curies":[{"name":"wp","href":"https:\/\/api.w.org\/{rel}","templated":true}]}}