{"id":42528,"date":"2025-10-17T10:15:24","date_gmt":"2025-10-17T13:15:24","guid":{"rendered":"https:\/\/www.elpolitologoyelpolitico.com.ar\/wordpress\/?p=42528"},"modified":"2025-10-17T14:04:13","modified_gmt":"2025-10-17T17:04:13","slug":"presentan-un-proyecto-para-sancionar-a-padres-o-tutores-de-alumnos-que-cometan-actos-de-bullying","status":"publish","type":"post","link":"https:\/\/www.elpolitologoyelpolitico.com.ar\/wordpress\/2025\/10\/17\/presentan-un-proyecto-para-sancionar-a-padres-o-tutores-de-alumnos-que-cometan-actos-de-bullying\/","title":{"rendered":"Presentan un proyecto para sancionar a padres o tutores de alumnos que cometan actos de bullying"},"content":{"rendered":"\n<figure class=\"wp-block-audio\"><audio controls src=\"https:\/\/www.elpolitologoyelpolitico.com.ar\/wp-content\/uploads\/2025\/10\/Entrevista-Cesar-Dominguez.mp3\"><\/audio><\/figure>\n\n\n\n<p class=\"has-medium-font-size\">El legislador C\u00e9sar Dom\u00ednguez present\u00f3 un proyecto en la Legislatura de R\u00edo Negro que busca sancionar a los padres o tutores de alumnos que cometan actos de bullying en el \u00e1mbito escolar. La iniciativa propone multas econ\u00f3micas y la obligaci\u00f3n de asistir a cursos de convivencia y responsabilidad parental.<\/p>\n\n\n\n<p class=\"has-medium-font-size\">Dom\u00ednguez explic\u00f3 que el objetivo principal es abordar con urgencia una problem\u00e1tica que afecta a ni\u00f1os y adolescentes en todo el sistema educativo.<br>\u201cEl acoso escolar no debe ser subestimado ni normalizado. Cuando se minimiza desde las instituciones, los chicos cargan con un dolor silencioso que puede durar toda la vida\u201d, advirti\u00f3.<\/p>\n\n\n\n<p class=\"has-medium-font-size\">El legislador detall\u00f3 que el proyecto establece la denuncia obligatoria de los casos de acoso dentro de las 24 horas de haber sido detectados, y prev\u00e9 sanciones administrativas para los docentes o directivos que dilaten su tratamiento. Adem\u00e1s, los padres o tutores que no tomen medidas para revertir la conducta de sus hijos recibir\u00edan una multa estimada en alrededor de un mill\u00f3n y medio de pesos, aunque el monto podr\u00eda modificarse durante el debate legislativo.<\/p>\n\n\n\n<p class=\"has-medium-font-size\">\u201cLa familia es el lugar donde se aprende el respeto y la empat\u00eda hacia los dem\u00e1s. Si eso no se corrige a tiempo, la violencia se traslada al colegio\u201d, se\u00f1al\u00f3 Dom\u00ednguez.<br>El proyecto tambi\u00e9n prev\u00e9 excepciones para casos en los que los tutores sean adultos mayores o tengan problemas de salud.<\/p>\n\n\n\n<p class=\"has-medium-font-size\">Seg\u00fan estudios recientes, el 32% de los estudiantes de la provincia se sienten discriminados en la escuela y m\u00e1s del 60% ha sufrido alg\u00fan tipo de agresi\u00f3n, lo que subraya la necesidad de contar con un marco normativo espec\u00edfico.<\/p>\n\n\n\n<p class=\"has-medium-font-size\">El proyecto establece que los tutores de un ni\u00f1o o adolescente notificado por la autoridad educativa por ejercer acoso deber\u00e1n adoptar medidas efectivas para cesar la conducta.<br>En caso de incumplimiento, se prev\u00e9:<\/p>\n\n\n\n<ul class=\"wp-block-list\">\n<li class=\"has-medium-font-size\">Una multa econ\u00f3mica equivalente a 30 JUS, lo que hoy representa cerca de 2 millones de pesos.<\/li>\n\n\n\n<li class=\"has-medium-font-size\">Participaci\u00f3n obligatoria en talleres y espacios de formaci\u00f3n sobre derechos del ni\u00f1o, convivencia escolar y prevenci\u00f3n de la violencia, ofrecidos por el Ministerio de Educaci\u00f3n o el Consejo Provincial de Educaci\u00f3n.<\/li>\n<\/ul>\n\n\n\n<p class=\"has-medium-font-size\">Finalmente, el legislador subray\u00f3 la necesidad de un abordaje integral:<br>\u201cHay una responsabilidad compartida entre el Estado, las escuelas, los padres y toda la sociedad. Con el aporte de todos podemos garantizar que los chicos crezcan en espacios educativos de respeto y contenci\u00f3n\u201d.<\/p>\n\n\n\n<p class=\"has-medium-font-size\"><\/p>\n<div class=\"fb-background-color\">\n\t\t\t  <div \n\t\t\t  \tclass = \"fb-comments\" \n\t\t\t  \tdata-href = \"https:\/\/www.elpolitologoyelpolitico.com.ar\/wordpress\/2025\/10\/17\/presentan-un-proyecto-para-sancionar-a-padres-o-tutores-de-alumnos-que-cometan-actos-de-bullying\/\"\n\t\t\t  \tdata-numposts = \"10\"\n\t\t\t  \tdata-lazy = \"true\"\n\t\t\t\tdata-colorscheme = \"light\"\n\t\t\t\tdata-order-by = \"social\"\n\t\t\t\tdata-mobile=true>\n\t\t\t  <\/div><\/div>\n\t\t  <style>\n\t\t    .fb-background-color {\n\t\t\t\tbackground: #ffffff !important;\n\t\t\t}\n\t\t\t.fb_iframe_widget_fluid_desktop iframe {\n\t\t\t    width: 100% !important;\n\t\t\t}\n\t\t  <\/style>\n\t\t  ","protected":false},"excerpt":{"rendered":"<p>El legislador C\u00e9sar Dom\u00ednguez present\u00f3 un proyecto en la Legislatura de R\u00edo Negro que busca sancionar a los padres o tutores de alumnos que cometan actos de bullying en el \u00e1mbito escolar. La iniciativa propone multas econ\u00f3micas y la obligaci\u00f3n de asistir a cursos de convivencia y responsabilidad parental. Dom\u00ednguez explic\u00f3 que el objetivo principal [&hellip;]<\/p>\n","protected":false},"author":4,"featured_media":42545,"comment_status":"closed","ping_status":"closed","sticky":false,"template":"","format":"standard","meta":{"_joinchat":[],"footnotes":""},"categories":[21],"tags":[],"class_list":["post-42528","post","type-post","status-publish","format-standard","has-post-thumbnail","hentry","category-actores-politicos"],"_links":{"self":[{"href":"https:\/\/www.elpolitologoyelpolitico.com.ar\/wordpress\/wp-json\/wp\/v2\/posts\/42528","targetHints":{"allow":["GET"]}}],"collection":[{"href":"https:\/\/www.elpolitologoyelpolitico.com.ar\/wordpress\/wp-json\/wp\/v2\/posts"}],"about":[{"href":"https:\/\/www.elpolitologoyelpolitico.com.ar\/wordpress\/wp-json\/wp\/v2\/types\/post"}],"author":[{"embeddable":true,"href":"https:\/\/www.elpolitologoyelpolitico.com.ar\/wordpress\/wp-json\/wp\/v2\/users\/4"}],"replies":[{"embeddable":true,"href":"https:\/\/www.elpolitologoyelpolitico.com.ar\/wordpress\/wp-json\/wp\/v2\/comments?post=42528"}],"version-history":[{"count":6,"href":"https:\/\/www.elpolitologoyelpolitico.com.ar\/wordpress\/wp-json\/wp\/v2\/posts\/42528\/revisions"}],"predecessor-version":[{"id":42536,"href":"https:\/\/www.elpolitologoyelpolitico.com.ar\/wordpress\/wp-json\/wp\/v2\/posts\/42528\/revisions\/42536"}],"wp:featuredmedia":[{"embeddable":true,"href":"https:\/\/www.elpolitologoyelpolitico.com.ar\/wordpress\/wp-json\/wp\/v2\/media\/42545"}],"wp:attachment":[{"href":"https:\/\/www.elpolitologoyelpolitico.com.ar\/wordpress\/wp-json\/wp\/v2\/media?parent=42528"}],"wp:term":[{"taxonomy":"category","embeddable":true,"href":"https:\/\/www.elpolitologoyelpolitico.com.ar\/wordpress\/wp-json\/wp\/v2\/categories?post=42528"},{"taxonomy":"post_tag","embeddable":true,"href":"https:\/\/www.elpolitologoyelpolitico.com.ar\/wordpress\/wp-json\/wp\/v2\/tags?post=42528"}],"curies":[{"name":"wp","href":"https:\/\/api.w.org\/{rel}","templated":true}]}}