{"id":42476,"date":"2025-10-15T07:28:59","date_gmt":"2025-10-15T10:28:59","guid":{"rendered":"https:\/\/www.elpolitologoyelpolitico.com.ar\/wordpress\/?p=42476"},"modified":"2025-10-15T07:29:01","modified_gmt":"2025-10-15T10:29:01","slug":"analia-marsella-busca-ser-defensora-del-pueblo-de-la-nacion-necesitamos-una-figura-independiente-de-los-partidos-politicos","status":"publish","type":"post","link":"https:\/\/www.elpolitologoyelpolitico.com.ar\/wordpress\/2025\/10\/15\/analia-marsella-busca-ser-defensora-del-pueblo-de-la-nacion-necesitamos-una-figura-independiente-de-los-partidos-politicos\/","title":{"rendered":"Anal\u00eda Marsella busca ser Defensora del Pueblo de la Naci\u00f3n: \u201cNecesitamos una figura independiente de los partidos pol\u00edticos\u201d"},"content":{"rendered":"\n<figure class=\"wp-block-audio\"><audio controls src=\"https:\/\/www.elpolitologoyelpolitico.com.ar\/wp-content\/uploads\/2025\/10\/2025-10-14-Analia-Marsella.mp3\"><\/audio><\/figure>\n\n\n\n<p class=\"has-medium-font-size\">La abogada y referente del movimiento 20M, Anal\u00eda Marsella, confirm\u00f3 su postulaci\u00f3n para ocupar la Defensor\u00eda del Pueblo de la Naci\u00f3n y llam\u00f3 a la ciudadan\u00eda a involucrarse en el proceso que definir\u00e1 al nuevo titular del organismo.<\/p>\n\n\n\n<p class=\"has-medium-font-size\">Anal\u00eda Marsella, abogada y jurista patag\u00f3nica, calific\u00f3 como \u201cun hecho hist\u00f3rico\u201d el momento que atraviesa el pa\u00eds, al se\u00f1alar que \u201ctras 16 a\u00f1os de vacancia, el Congreso Nacional se prepara para designar al nuevo Defensor o Defensora del Pueblo\u201d. Sostuvo que se trata de \u201cun poder del Estado con impacto directo en la calidad de vida de todos los argentinos\u201d, y que por eso \u201ces fundamental que la sociedad est\u00e9 informada y comprometida\u201d.<\/p>\n\n\n\n<p class=\"has-medium-font-size\">Record\u00f3 que el rol del Defensor del Pueblo fue incorporado en la reforma constitucional de 1994 como una figura independiente del poder pol\u00edtico, con autonom\u00eda funcional y la misi\u00f3n de proteger los derechos de la ciudadan\u00eda. \u201cNo es un cargo m\u00e1s \u2014remarc\u00f3\u2014, es un poder que debe equilibrar al Ejecutivo, al Legislativo y al Judicial\u201d. Lament\u00f3 que \u201cdurante m\u00e1s de una d\u00e9cada y media el pa\u00eds no haya tenido una autoridad institucional que defienda los intereses de la poblaci\u00f3n\u201d.<\/p>\n\n\n\n<p class=\"has-medium-font-size\">La candidata explic\u00f3 que \u201ccualquier ciudadano argentino mayor de 30 a\u00f1os puede postularse\u201d, pero destac\u00f3 que \u201cla Constituci\u00f3n proh\u00edbe expresamente que el Defensor tenga v\u00ednculos partidarios o econ\u00f3micos\u201d. Cuestion\u00f3 la presencia de dirigentes pol\u00edticos activos entre los postulantes y pidi\u00f3 garantizar la idoneidad de quienes se presenten. \u201cEl Defensor del Pueblo debe representar a todos los argentinos, sin banderas ni intereses particulares\u201d, se\u00f1al\u00f3.<\/p>\n\n\n\n<p class=\"has-medium-font-size\">Tambi\u00e9n se refiri\u00f3 a la presencia de \u201cfuncionarios actuales entre los postulantes\u201d, algo que considera \u201cuna violaci\u00f3n a los principios de independencia que exige la Constituci\u00f3n\u201d. Mencion\u00f3 el caso del \u201chijo de Estela de Carlotto\u201d, quien \u201cfue diputado nacional y actualmente cumple funciones en el Mercosur\u201d. Seg\u00fan Marsella, \u201cuna persona con cargos pol\u00edticos o institucionales no puede aspirar a ser Defensor del Pueblo, porque ese rol debe estar libre de todo v\u00ednculo partidario o gubernamental\u201d.<\/p>\n\n\n\n<p class=\"has-medium-font-size\">Desde el movimiento ciudadano que encabeza, 20M, impulsa la campa\u00f1a #DefensorIndependiente e invit\u00f3 a la poblaci\u00f3n a sumarse a la petici\u00f3n disponible en la plataforma Change.org bajo el lema \u201cAnal\u00eda te defiende\u201d. Seg\u00fan explic\u00f3, \u201cel objetivo es visibilizar el proceso que se definir\u00e1 en los pr\u00f3ximos d\u00edas y promover un debate p\u00fablico sobre los candidatos\u201d.<\/p>\n\n\n\n<p class=\"has-medium-font-size\">Marsella record\u00f3 que \u201cel 19 de octubre vence el plazo para que la ciudadan\u00eda participe y se informe sobre el proceso\u201d. Despu\u00e9s del 26 de octubre, \u201cla comisi\u00f3n bicameral del Congreso seleccionar\u00e1 una terna y el 29 se realizar\u00e1 la audiencia p\u00fablica en la que los postulantes presentar\u00e1n sus antecedentes y propuestas\u201d.<\/p>\n\n\n\n<p class=\"has-medium-font-size\">Oriunda de Bariloche, indic\u00f3 que \u201cdurante los \u00faltimos a\u00f1os actu\u00f3 de manera voluntaria en la defensa de los derechos ciudadanos ante la vacante del cargo, junto a otros profesionales del pa\u00eds\u201d. Consider\u00f3 que \u201cdurante la pandemia de COVID-19 se vulneraron derechos fundamentales y que ese fue uno de los motivos que la llevaron a involucrarse m\u00e1s activamente en temas institucionales\u201d.<\/p>\n\n\n\n<p class=\"has-medium-font-size\">En su propuesta, plantea \u201cpriorizar \u00e1reas sensibles como la educaci\u00f3n, la salud y la protecci\u00f3n de grupos vulnerables\u201d. Asegura que \u201cun Defensor del Pueblo debe intervenir cuando se afectan los derechos de los ni\u00f1os, las personas mayores o con discapacidad, y trabajar desde la prevenci\u00f3n para evitar nuevas vulneraciones\u201d.<\/p>\n\n\n\n<p class=\"has-medium-font-size\">Para Marsella, lo fundamental es que \u201cla figura del Defensor del Pueblo sea independiente del poder pol\u00edtico y econ\u00f3mico\u201d. Considera que \u201cel pa\u00eds necesita una persona id\u00f3nea, valiente y capaz de representar a la ciudadan\u00eda m\u00e1s all\u00e1 de los gobiernos de turno, para garantizar una verdadera defensa de los derechos y libertades de todos los argentinos\u201d.<\/p>\n<div class=\"fb-background-color\">\n\t\t\t  <div \n\t\t\t  \tclass = \"fb-comments\" \n\t\t\t  \tdata-href = \"https:\/\/www.elpolitologoyelpolitico.com.ar\/wordpress\/2025\/10\/15\/analia-marsella-busca-ser-defensora-del-pueblo-de-la-nacion-necesitamos-una-figura-independiente-de-los-partidos-politicos\/\"\n\t\t\t  \tdata-numposts = \"10\"\n\t\t\t  \tdata-lazy = \"true\"\n\t\t\t\tdata-colorscheme = \"light\"\n\t\t\t\tdata-order-by = \"social\"\n\t\t\t\tdata-mobile=true>\n\t\t\t  <\/div><\/div>\n\t\t  <style>\n\t\t    .fb-background-color {\n\t\t\t\tbackground: #ffffff !important;\n\t\t\t}\n\t\t\t.fb_iframe_widget_fluid_desktop iframe {\n\t\t\t    width: 100% !important;\n\t\t\t}\n\t\t  <\/style>\n\t\t  ","protected":false},"excerpt":{"rendered":"<p>La abogada y referente del movimiento 20M, Anal\u00eda Marsella, confirm\u00f3 su postulaci\u00f3n para ocupar la Defensor\u00eda del Pueblo de la Naci\u00f3n y llam\u00f3 a la ciudadan\u00eda a involucrarse en el proceso que definir\u00e1 al nuevo titular del organismo. Anal\u00eda Marsella, abogada y jurista patag\u00f3nica, calific\u00f3 como \u201cun hecho hist\u00f3rico\u201d el momento que atraviesa el pa\u00eds, [&hellip;]<\/p>\n","protected":false},"author":4,"featured_media":42479,"comment_status":"closed","ping_status":"closed","sticky":false,"template":"","format":"standard","meta":{"_joinchat":[],"footnotes":""},"categories":[38],"tags":[],"class_list":["post-42476","post","type-post","status-publish","format-standard","has-post-thumbnail","hentry","category-elecciones"],"_links":{"self":[{"href":"https:\/\/www.elpolitologoyelpolitico.com.ar\/wordpress\/wp-json\/wp\/v2\/posts\/42476","targetHints":{"allow":["GET"]}}],"collection":[{"href":"https:\/\/www.elpolitologoyelpolitico.com.ar\/wordpress\/wp-json\/wp\/v2\/posts"}],"about":[{"href":"https:\/\/www.elpolitologoyelpolitico.com.ar\/wordpress\/wp-json\/wp\/v2\/types\/post"}],"author":[{"embeddable":true,"href":"https:\/\/www.elpolitologoyelpolitico.com.ar\/wordpress\/wp-json\/wp\/v2\/users\/4"}],"replies":[{"embeddable":true,"href":"https:\/\/www.elpolitologoyelpolitico.com.ar\/wordpress\/wp-json\/wp\/v2\/comments?post=42476"}],"version-history":[{"count":3,"href":"https:\/\/www.elpolitologoyelpolitico.com.ar\/wordpress\/wp-json\/wp\/v2\/posts\/42476\/revisions"}],"predecessor-version":[{"id":42481,"href":"https:\/\/www.elpolitologoyelpolitico.com.ar\/wordpress\/wp-json\/wp\/v2\/posts\/42476\/revisions\/42481"}],"wp:featuredmedia":[{"embeddable":true,"href":"https:\/\/www.elpolitologoyelpolitico.com.ar\/wordpress\/wp-json\/wp\/v2\/media\/42479"}],"wp:attachment":[{"href":"https:\/\/www.elpolitologoyelpolitico.com.ar\/wordpress\/wp-json\/wp\/v2\/media?parent=42476"}],"wp:term":[{"taxonomy":"category","embeddable":true,"href":"https:\/\/www.elpolitologoyelpolitico.com.ar\/wordpress\/wp-json\/wp\/v2\/categories?post=42476"},{"taxonomy":"post_tag","embeddable":true,"href":"https:\/\/www.elpolitologoyelpolitico.com.ar\/wordpress\/wp-json\/wp\/v2\/tags?post=42476"}],"curies":[{"name":"wp","href":"https:\/\/api.w.org\/{rel}","templated":true}]}}