{"id":4045,"date":"2021-06-09T16:01:06","date_gmt":"2021-06-09T16:01:06","guid":{"rendered":"https:\/\/www.elpolitologoyelpolitico.com.ar\/wordpress\/?p=4045"},"modified":"2021-06-09T16:01:45","modified_gmt":"2021-06-09T16:01:45","slug":"elecciones-2021-juntos-por-el-cambio-evalua-nuevas-estrategias-politicas-y-alianzas","status":"publish","type":"post","link":"https:\/\/www.elpolitologoyelpolitico.com.ar\/wordpress\/2021\/06\/09\/elecciones-2021-juntos-por-el-cambio-evalua-nuevas-estrategias-politicas-y-alianzas\/","title":{"rendered":"Elecciones 2021 \u201cJuntos por el Cambio eval\u00faa nuevas estrategias pol\u00edticas y Alianzas\u201d"},"content":{"rendered":"\t\t<div data-elementor-type=\"wp-post\" data-elementor-id=\"4045\" class=\"elementor elementor-4045\">\n\t\t\t\t\t\t<section class=\"elementor-section elementor-top-section elementor-element elementor-element-205d2f14 elementor-section-boxed elementor-section-height-default elementor-section-height-default\" data-id=\"205d2f14\" data-element_type=\"section\" data-e-type=\"section\">\n\t\t\t\t\t\t<div class=\"elementor-container elementor-column-gap-default\">\n\t\t\t\t\t<div class=\"elementor-column elementor-col-100 elementor-top-column elementor-element elementor-element-29a2d72f\" data-id=\"29a2d72f\" data-element_type=\"column\" data-e-type=\"column\">\n\t\t\t<div class=\"elementor-widget-wrap elementor-element-populated\">\n\t\t\t\t\t\t<div class=\"elementor-element elementor-element-46200a40 elementor-widget elementor-widget-text-editor\" data-id=\"46200a40\" data-element_type=\"widget\" data-e-type=\"widget\" data-widget_type=\"text-editor.default\">\n\t\t\t\t<div class=\"elementor-widget-container\">\n\t\t\t\t\t\t\t\t\t\n<p>A pesar de la pandemia del Covid-19, una problem\u00e1tica que se est\u00e1 viviendo a nivel Nacional, Juntos por el Cambio analiza las elecciones legislativas 2021.&nbsp;<\/p>\n\n\n\n<p>La mesa Nacional de la coalici\u00f3n se prepara para las elecciones 2021. Se est\u00e1n llevando a cabo encuentros virtuales y presenciales, con distintos actores que forman parte de este espacio pol\u00edtico y con nuevos actores para futuras alianzas.&nbsp;<\/p>\n\n\n\n<p>Comenzaron a implementar distintas estrategias pol\u00edticas a nivel Orovincial y Nacional en donde se definir\u00e1n los futuros candidatos. A pesar de los conflictos internos que se ven\u00edan dando en el Pro, por las candidaturas para las elecciones 2021, apuntan a que se pueda ampliar Juntos por el Cambio en el pa\u00eds y de esta manera enfrentar al kirchnerismo en las urnas.&nbsp;<\/p>\n\n\n\n<p>Se acord\u00f3 que en las Provincias en donde no hay consenso, los postulantes se definir\u00e1n en las Paso a trav\u00e9s del sistemas D\u2019 hondt, lo que permitir\u00e1 internas ordenadas y civilizadas.&nbsp;&nbsp;<\/p>\n\n\n\n<p>Existe la posibilidad que este nuevo espacio este conformado por Jos\u00e9 Luis Espert y Margarita Stolbizer para lograr una coalici\u00f3n opositora hacia el kirchnerismo en las pr\u00f3ximas elecciones. Asimismo se eval\u00faa un posible cambio de nombre.&nbsp;<\/p>\n\n\n\n<p>Es necesario recordar que solo quedan semanas para el cierre de n\u00f3minas, para las pr\u00f3ximas elecciones y es por eso que las distintas autoridades del Pro, la UCR y la CC se reunieron para analizar las estrategias pol\u00edticas y electorales.&nbsp;<\/p>\n\t\t\t\t\t\t\t\t<\/div>\n\t\t\t\t<\/div>\n\t\t\t\t\t<\/div>\n\t\t<\/div>\n\t\t\t\t\t<\/div>\n\t\t<\/section>\n\t\t\t\t<\/div>\n\t\t<div class=\"fb-background-color\">\n\t\t\t  <div \n\t\t\t  \tclass = \"fb-comments\" \n\t\t\t  \tdata-href = \"https:\/\/www.elpolitologoyelpolitico.com.ar\/wordpress\/2021\/06\/09\/elecciones-2021-juntos-por-el-cambio-evalua-nuevas-estrategias-politicas-y-alianzas\/\"\n\t\t\t  \tdata-numposts = \"10\"\n\t\t\t  \tdata-lazy = \"true\"\n\t\t\t\tdata-colorscheme = \"light\"\n\t\t\t\tdata-order-by = \"social\"\n\t\t\t\tdata-mobile=true>\n\t\t\t  <\/div><\/div>\n\t\t  <style>\n\t\t    .fb-background-color {\n\t\t\t\tbackground: #ffffff !important;\n\t\t\t}\n\t\t\t.fb_iframe_widget_fluid_desktop iframe {\n\t\t\t    width: 100% !important;\n\t\t\t}\n\t\t  <\/style>\n\t\t  ","protected":false},"excerpt":{"rendered":"<p>A pesar de la pandemia del Covid-19, una problem\u00e1tica que se est\u00e1 viviendo a nivel Nacional, Juntos por el Cambio analiza las elecciones legislativas 2021.&nbsp; La mesa Nacional de la coalici\u00f3n se prepara para las elecciones 2021. Se est\u00e1n llevando a cabo encuentros virtuales y presenciales, con distintos actores que forman parte de este espacio [&hellip;]<\/p>\n","protected":false},"author":4,"featured_media":4046,"comment_status":"closed","ping_status":"closed","sticky":false,"template":"","format":"standard","meta":{"_joinchat":[],"footnotes":""},"categories":[5],"tags":[],"class_list":["post-4045","post","type-post","status-publish","format-standard","has-post-thumbnail","hentry","category-partidos-politicos"],"_links":{"self":[{"href":"https:\/\/www.elpolitologoyelpolitico.com.ar\/wordpress\/wp-json\/wp\/v2\/posts\/4045","targetHints":{"allow":["GET"]}}],"collection":[{"href":"https:\/\/www.elpolitologoyelpolitico.com.ar\/wordpress\/wp-json\/wp\/v2\/posts"}],"about":[{"href":"https:\/\/www.elpolitologoyelpolitico.com.ar\/wordpress\/wp-json\/wp\/v2\/types\/post"}],"author":[{"embeddable":true,"href":"https:\/\/www.elpolitologoyelpolitico.com.ar\/wordpress\/wp-json\/wp\/v2\/users\/4"}],"replies":[{"embeddable":true,"href":"https:\/\/www.elpolitologoyelpolitico.com.ar\/wordpress\/wp-json\/wp\/v2\/comments?post=4045"}],"version-history":[{"count":0,"href":"https:\/\/www.elpolitologoyelpolitico.com.ar\/wordpress\/wp-json\/wp\/v2\/posts\/4045\/revisions"}],"wp:featuredmedia":[{"embeddable":true,"href":"https:\/\/www.elpolitologoyelpolitico.com.ar\/wordpress\/wp-json\/wp\/v2\/media\/4046"}],"wp:attachment":[{"href":"https:\/\/www.elpolitologoyelpolitico.com.ar\/wordpress\/wp-json\/wp\/v2\/media?parent=4045"}],"wp:term":[{"taxonomy":"category","embeddable":true,"href":"https:\/\/www.elpolitologoyelpolitico.com.ar\/wordpress\/wp-json\/wp\/v2\/categories?post=4045"},{"taxonomy":"post_tag","embeddable":true,"href":"https:\/\/www.elpolitologoyelpolitico.com.ar\/wordpress\/wp-json\/wp\/v2\/tags?post=4045"}],"curies":[{"name":"wp","href":"https:\/\/api.w.org\/{rel}","templated":true}]}}