{"id":39763,"date":"2025-03-06T12:23:03","date_gmt":"2025-03-06T15:23:03","guid":{"rendered":"https:\/\/www.elpolitologoyelpolitico.com.ar\/wordpress\/?p=39763"},"modified":"2025-03-06T13:29:16","modified_gmt":"2025-03-06T16:29:16","slug":"la-libertad-avanza-oficializo-sus-autoridades-en-rio-negro","status":"publish","type":"post","link":"https:\/\/www.elpolitologoyelpolitico.com.ar\/wordpress\/2025\/03\/06\/la-libertad-avanza-oficializo-sus-autoridades-en-rio-negro\/","title":{"rendered":"La Libertad Avanza oficializ\u00f3 sus autoridades en R\u00edo Negro"},"content":{"rendered":"\n<p>La Libertad Avanza oficializ\u00f3 sus autoridades en R\u00edo Negro y como partido Distrito ya puede participar en las elecciones 2025. <\/p>\n\n\n\n<p>Los integrantes del espacio pol\u00edtico llegaron a un acuerdo y no habr\u00e1 elecciones internas. <\/p>\n\n\n\n<p>El comunicado del partido dice que <strong>\u00abhemos logrado conformar una lista de autoridades partidarias con el consenso de todos los sectores que forman parte de nuestra fuerza pol\u00edtica en la provincia\u00bb.&nbsp;<\/strong><\/p>\n\n\n\n<p>La presidenta del partido es Villaverde y la acompa\u00f1an Marcelo Rom\u00e1n, intendente de Allen, como vicepresidente, Eliana Medveved, secretaria pol\u00edtica, Enzo Fullone, tesorero, Leonela Andreoli, secretaria administrativa, y Dami\u00e1n Torres, Lilian Torres y C\u00e9sar Dom\u00ednguez como vocales.<\/p>\n\n\n\n<p><\/p>\n\n\n\n<p><strong>Como congresales titulares por regi\u00f3n est\u00e1n:<\/strong><\/p>\n\n\n\n<p><strong>Alto Valle Centro:<\/strong> Juli\u00e1n Goinhex, Vanesa Candia, y Andr\u00e9s Llanquinao. <\/p>\n\n\n\n<p><strong>Alto Valle Oeste: <\/strong>Ignacio Vi\u00f1als, Mercedes Navarrete, y Francisco Cruz Mu\u00f1oz. <\/p>\n\n\n\n<p><strong>Alto Valle Este:<\/strong> Luis Carilao, Lorena Arias, y V\u00edctor Navarro. <\/p>\n\n\n\n<p><strong>Valle Medio: <\/strong>Gast\u00f3n Cirilo, Malena Bustos, y Alfonso S\u00e1nchez. <\/p>\n\n\n\n<p><strong>Valle Inferior: <\/strong> Silvina Franco, Oscar Cader y Sergio Ajalla.<\/p>\n\n\n\n<p><strong>Zona Atl\u00e1ntica: <\/strong>Gaston Denughes, Cintia Lepori, y Pablo Paz. <\/p>\n\n\n\n<p><strong>Zona Andina: <\/strong>Marcelo Ponzone, Celeste Ventureyra, y Sebasti\u00e1n San Mart\u00edn<\/p>\n\n\n\n<p><strong>L\u00ednea Sur: <\/strong> Walter Huenuan, Daniela Chico y Lucio Huel.<\/p>\n<div class=\"fb-background-color\">\n\t\t\t  <div \n\t\t\t  \tclass = \"fb-comments\" \n\t\t\t  \tdata-href = \"https:\/\/www.elpolitologoyelpolitico.com.ar\/wordpress\/2025\/03\/06\/la-libertad-avanza-oficializo-sus-autoridades-en-rio-negro\/\"\n\t\t\t  \tdata-numposts = \"10\"\n\t\t\t  \tdata-lazy = \"true\"\n\t\t\t\tdata-colorscheme = \"light\"\n\t\t\t\tdata-order-by = \"social\"\n\t\t\t\tdata-mobile=true>\n\t\t\t  <\/div><\/div>\n\t\t  <style>\n\t\t    .fb-background-color {\n\t\t\t\tbackground: #ffffff !important;\n\t\t\t}\n\t\t\t.fb_iframe_widget_fluid_desktop iframe {\n\t\t\t    width: 100% !important;\n\t\t\t}\n\t\t  <\/style>\n\t\t  ","protected":false},"excerpt":{"rendered":"<p>La Libertad Avanza oficializ\u00f3 sus autoridades en R\u00edo Negro y como partido Distrito ya puede participar en las elecciones 2025. Los integrantes del espacio pol\u00edtico llegaron a un acuerdo y no habr\u00e1 elecciones internas. El comunicado del partido dice que \u00abhemos logrado conformar una lista de autoridades partidarias con el consenso de todos los sectores [&hellip;]<\/p>\n","protected":false},"author":2,"featured_media":39764,"comment_status":"closed","ping_status":"closed","sticky":false,"template":"","format":"standard","meta":{"_joinchat":[],"footnotes":""},"categories":[5],"tags":[],"class_list":["post-39763","post","type-post","status-publish","format-standard","has-post-thumbnail","hentry","category-partidos-politicos"],"_links":{"self":[{"href":"https:\/\/www.elpolitologoyelpolitico.com.ar\/wordpress\/wp-json\/wp\/v2\/posts\/39763","targetHints":{"allow":["GET"]}}],"collection":[{"href":"https:\/\/www.elpolitologoyelpolitico.com.ar\/wordpress\/wp-json\/wp\/v2\/posts"}],"about":[{"href":"https:\/\/www.elpolitologoyelpolitico.com.ar\/wordpress\/wp-json\/wp\/v2\/types\/post"}],"author":[{"embeddable":true,"href":"https:\/\/www.elpolitologoyelpolitico.com.ar\/wordpress\/wp-json\/wp\/v2\/users\/2"}],"replies":[{"embeddable":true,"href":"https:\/\/www.elpolitologoyelpolitico.com.ar\/wordpress\/wp-json\/wp\/v2\/comments?post=39763"}],"version-history":[{"count":3,"href":"https:\/\/www.elpolitologoyelpolitico.com.ar\/wordpress\/wp-json\/wp\/v2\/posts\/39763\/revisions"}],"predecessor-version":[{"id":39768,"href":"https:\/\/www.elpolitologoyelpolitico.com.ar\/wordpress\/wp-json\/wp\/v2\/posts\/39763\/revisions\/39768"}],"wp:featuredmedia":[{"embeddable":true,"href":"https:\/\/www.elpolitologoyelpolitico.com.ar\/wordpress\/wp-json\/wp\/v2\/media\/39764"}],"wp:attachment":[{"href":"https:\/\/www.elpolitologoyelpolitico.com.ar\/wordpress\/wp-json\/wp\/v2\/media?parent=39763"}],"wp:term":[{"taxonomy":"category","embeddable":true,"href":"https:\/\/www.elpolitologoyelpolitico.com.ar\/wordpress\/wp-json\/wp\/v2\/categories?post=39763"},{"taxonomy":"post_tag","embeddable":true,"href":"https:\/\/www.elpolitologoyelpolitico.com.ar\/wordpress\/wp-json\/wp\/v2\/tags?post=39763"}],"curies":[{"name":"wp","href":"https:\/\/api.w.org\/{rel}","templated":true}]}}