{"id":39162,"date":"2024-11-26T00:50:28","date_gmt":"2024-11-26T03:50:28","guid":{"rendered":"https:\/\/www.elpolitologoyelpolitico.com.ar\/wordpress\/?p=39162"},"modified":"2024-11-26T00:52:14","modified_gmt":"2024-11-26T03:52:14","slug":"patagones-se-suspenden-las-clases-en-el-turno-manana-por-alerta-naranja","status":"publish","type":"post","link":"https:\/\/www.elpolitologoyelpolitico.com.ar\/wordpress\/2024\/11\/26\/patagones-se-suspenden-las-clases-en-el-turno-manana-por-alerta-naranja\/","title":{"rendered":"PATAGONES: SE SUSPENDEN LAS CLASES EN EL TURNO MA\u00d1ANA POR ALERTA NARANJA"},"content":{"rendered":"\n<p>Este martes 26 de noviembre se suspenden las clases en el turno ma\u00f1ana por alerta naranja. <\/p>\n\n\n\n<p>Defensa Civil inform\u00f3 que este martes habr\u00e1 tormentas fuertes con caida de granizo, lluvias intensas y r\u00e1fagas.<\/p>\n\n\n\n<p>Jefatura Distrital de Educaci\u00f3n en conjunto con el Consejo Escolar de Patagones, resuelven suspender las clases en turno ma\u00f1ana en todos los establecimientos educativos del Distrito. <\/p>\n\n\n\n<figure class=\"wp-block-image size-full\"><img fetchpriority=\"high\" decoding=\"async\" width=\"855\" height=\"531\" src=\"https:\/\/www.elpolitologoyelpolitico.com.ar\/wp-content\/uploads\/2024\/11\/FB_IMG_1732592452913.jpg\" alt=\"\" class=\"wp-image-39165\" srcset=\"https:\/\/www.elpolitologoyelpolitico.com.ar\/wp-content\/uploads\/2024\/11\/FB_IMG_1732592452913.jpg 855w, https:\/\/www.elpolitologoyelpolitico.com.ar\/wp-content\/uploads\/2024\/11\/FB_IMG_1732592452913-300x186.jpg 300w, https:\/\/www.elpolitologoyelpolitico.com.ar\/wp-content\/uploads\/2024\/11\/FB_IMG_1732592452913-768x477.jpg 768w\" sizes=\"(max-width: 855px) 100vw, 855px\" \/><\/figure>\n<div class=\"fb-background-color\">\n\t\t\t  <div \n\t\t\t  \tclass = \"fb-comments\" \n\t\t\t  \tdata-href = \"https:\/\/www.elpolitologoyelpolitico.com.ar\/wordpress\/2024\/11\/26\/patagones-se-suspenden-las-clases-en-el-turno-manana-por-alerta-naranja\/\"\n\t\t\t  \tdata-numposts = \"10\"\n\t\t\t  \tdata-lazy = \"true\"\n\t\t\t\tdata-colorscheme = \"light\"\n\t\t\t\tdata-order-by = \"social\"\n\t\t\t\tdata-mobile=true>\n\t\t\t  <\/div><\/div>\n\t\t  <style>\n\t\t    .fb-background-color {\n\t\t\t\tbackground: #ffffff !important;\n\t\t\t}\n\t\t\t.fb_iframe_widget_fluid_desktop iframe {\n\t\t\t    width: 100% !important;\n\t\t\t}\n\t\t  <\/style>\n\t\t  ","protected":false},"excerpt":{"rendered":"<p>Este martes 26 de noviembre se suspenden las clases en el turno ma\u00f1ana por alerta naranja. Defensa Civil inform\u00f3 que este martes habr\u00e1 tormentas fuertes con caida de granizo, lluvias intensas y r\u00e1fagas. Jefatura Distrital de Educaci\u00f3n en conjunto con el Consejo Escolar de Patagones, resuelven suspender las clases en turno ma\u00f1ana en todos los [&hellip;]<\/p>\n","protected":false},"author":2,"featured_media":39163,"comment_status":"closed","ping_status":"closed","sticky":false,"template":"","format":"standard","meta":{"_joinchat":[],"footnotes":""},"categories":[39],"tags":[],"class_list":["post-39162","post","type-post","status-publish","format-standard","has-post-thumbnail","hentry","category-en-esta-seccion"],"_links":{"self":[{"href":"https:\/\/www.elpolitologoyelpolitico.com.ar\/wordpress\/wp-json\/wp\/v2\/posts\/39162","targetHints":{"allow":["GET"]}}],"collection":[{"href":"https:\/\/www.elpolitologoyelpolitico.com.ar\/wordpress\/wp-json\/wp\/v2\/posts"}],"about":[{"href":"https:\/\/www.elpolitologoyelpolitico.com.ar\/wordpress\/wp-json\/wp\/v2\/types\/post"}],"author":[{"embeddable":true,"href":"https:\/\/www.elpolitologoyelpolitico.com.ar\/wordpress\/wp-json\/wp\/v2\/users\/2"}],"replies":[{"embeddable":true,"href":"https:\/\/www.elpolitologoyelpolitico.com.ar\/wordpress\/wp-json\/wp\/v2\/comments?post=39162"}],"version-history":[{"count":2,"href":"https:\/\/www.elpolitologoyelpolitico.com.ar\/wordpress\/wp-json\/wp\/v2\/posts\/39162\/revisions"}],"predecessor-version":[{"id":39166,"href":"https:\/\/www.elpolitologoyelpolitico.com.ar\/wordpress\/wp-json\/wp\/v2\/posts\/39162\/revisions\/39166"}],"wp:featuredmedia":[{"embeddable":true,"href":"https:\/\/www.elpolitologoyelpolitico.com.ar\/wordpress\/wp-json\/wp\/v2\/media\/39163"}],"wp:attachment":[{"href":"https:\/\/www.elpolitologoyelpolitico.com.ar\/wordpress\/wp-json\/wp\/v2\/media?parent=39162"}],"wp:term":[{"taxonomy":"category","embeddable":true,"href":"https:\/\/www.elpolitologoyelpolitico.com.ar\/wordpress\/wp-json\/wp\/v2\/categories?post=39162"},{"taxonomy":"post_tag","embeddable":true,"href":"https:\/\/www.elpolitologoyelpolitico.com.ar\/wordpress\/wp-json\/wp\/v2\/tags?post=39162"}],"curies":[{"name":"wp","href":"https:\/\/api.w.org\/{rel}","templated":true}]}}