{"id":39150,"date":"2024-11-25T23:31:01","date_gmt":"2024-11-26T02:31:01","guid":{"rendered":"https:\/\/www.elpolitologoyelpolitico.com.ar\/wordpress\/?p=39150"},"modified":"2024-11-25T23:33:53","modified_gmt":"2024-11-26T02:33:53","slug":"siguen-los-vehiculos-en-las-playas-de-viedma-la-concejal-libertaria-ivi-silvina-franco-presento-un-proyecto-para-que-se-controle-esta-situacion","status":"publish","type":"post","link":"https:\/\/www.elpolitologoyelpolitico.com.ar\/wordpress\/2024\/11\/25\/siguen-los-vehiculos-en-las-playas-de-viedma-la-concejal-libertaria-ivi-silvina-franco-presento-un-proyecto-para-que-se-controle-esta-situacion\/","title":{"rendered":"Siguen los veh\u00edculos en El C\u00f3ndor: \u00abla concejal libertaria Ivi Silvina Franco present\u00f3 un proyecto para que se controle est\u00e1 situaci\u00f3n\u00bb"},"content":{"rendered":"\n<p>La temperatura se mantuvo alta en estos \u00faltimos dias en Viedma y zonas aleda\u00f1as, lo cual llev\u00f3 a que muchos vecinos vayan a disfrutar la playa y la Costanera. <\/p>\n\n\n\n<p>Varios optaron para ir hasta \u00abEl C\u00f3ndor\u00bb y a pesar que existen ordenanzas para que no se trasladen los veh\u00edculos por varias zonas de la playa, la gente sigue ignorando la normativa y el municipio no controla nada.<\/p>\n\n\n\n<p>Previo a la \u00faltima sesi\u00f3n del Concejo Deliberante de Viedma, la Concejal Ivi Silvina Franco present\u00f3 un proyecto para que el Estado Municipal controle los accesos de veh\u00edculos en varias playas de Viedma.<\/p>\n\n\n\n<p>El Proyecto se present\u00f3 en la Comisi\u00f3n de Gobierno presidida por el Concejal Luciano Ru\u00edz y los concejales Julian Alga\u00f1araz, Natalia Macri, Maria Andr\u00eda y Vanesa Cacho Devicenzi. <\/p>\n\n\n\n<p>Seg\u00fan indicaron desde la comisi\u00f3n <strong>\u00abNo estamos en temporada para que el Municipio controle los veh\u00edculos en las playas\u00bb<\/strong>.<\/p>\n\n\n\n<p>Vecinos reclaman que no pueden estar tranquilos en las playas porque los mas chicos est\u00e1n jugando y tienen miedo que ocurra una desgracia y el municipio debe controlar ahora y no esperar a que pase alg\u00fan accidente o muerte tragica. <\/p>\n\n\n\n<p><strong>\u00bfQu\u00e9 pasar\u00eda si existe alg\u00fan accidente en las playas?  <\/strong><\/p>\n\n\n\n<p><strong>\u00bfLa culpa es del Municipio de Viedma o de los Concejales que no quisieron tratar el proyecto que present\u00f3 la edil Ivi Silvina Franco? <\/strong><\/p>\n\n\n\n<p><blockquote class=\"wp-embedded-content\" data-secret=\"e7y892LeZk\"><a href=\"https:\/\/www.elpolitologoyelpolitico.com.ar\/wordpress\/2024\/11\/07\/no-mas-autos-en-las-playas-de-el-condor-solicitan-que-no-circulen-los-vehiculos-en-distintas-zonas\/\">No m\u00e1s autos en las playas de El C\u00f3ndor: Solicit\u00e1n que no circulen los veh\u00edculos en distintas zonas<\/a><\/blockquote><iframe class=\"wp-embedded-content\" sandbox=\"allow-scripts\" security=\"restricted\" style=\"position: absolute; visibility: hidden;\" title=\"\u00abNo m\u00e1s autos en las playas de El C\u00f3ndor: Solicit\u00e1n que no circulen los veh\u00edculos en distintas zonas\u00bb \u2014 El Polit\u00f3logo y el Pol\u00edtico\" src=\"https:\/\/www.elpolitologoyelpolitico.com.ar\/wordpress\/2024\/11\/07\/no-mas-autos-en-las-playas-de-el-condor-solicitan-que-no-circulen-los-vehiculos-en-distintas-zonas\/embed\/#?secret=RikhI1e4ss#?secret=e7y892LeZk\" data-secret=\"e7y892LeZk\" width=\"600\" height=\"338\" frameborder=\"0\" marginwidth=\"0\" marginheight=\"0\" scrolling=\"no\"><\/iframe><\/p>\n\n\n\n<figure class=\"wp-block-image size-large\"><img fetchpriority=\"high\" decoding=\"async\" width=\"823\" height=\"1024\" src=\"https:\/\/www.elpolitologoyelpolitico.com.ar\/wp-content\/uploads\/2024\/11\/IMG-20241116-WA00002-823x1024.jpg\" alt=\"\" class=\"wp-image-39153\" srcset=\"https:\/\/www.elpolitologoyelpolitico.com.ar\/wp-content\/uploads\/2024\/11\/IMG-20241116-WA00002-823x1024.jpg 823w, https:\/\/www.elpolitologoyelpolitico.com.ar\/wp-content\/uploads\/2024\/11\/IMG-20241116-WA00002-241x300.jpg 241w, https:\/\/www.elpolitologoyelpolitico.com.ar\/wp-content\/uploads\/2024\/11\/IMG-20241116-WA00002-768x955.jpg 768w, https:\/\/www.elpolitologoyelpolitico.com.ar\/wp-content\/uploads\/2024\/11\/IMG-20241116-WA00002.jpg 1029w\" sizes=\"(max-width: 823px) 100vw, 823px\" \/><\/figure>\n<div class=\"fb-background-color\">\n\t\t\t  <div \n\t\t\t  \tclass = \"fb-comments\" \n\t\t\t  \tdata-href = \"https:\/\/www.elpolitologoyelpolitico.com.ar\/wordpress\/2024\/11\/25\/siguen-los-vehiculos-en-las-playas-de-viedma-la-concejal-libertaria-ivi-silvina-franco-presento-un-proyecto-para-que-se-controle-esta-situacion\/\"\n\t\t\t  \tdata-numposts = \"10\"\n\t\t\t  \tdata-lazy = \"true\"\n\t\t\t\tdata-colorscheme = \"light\"\n\t\t\t\tdata-order-by = \"social\"\n\t\t\t\tdata-mobile=true>\n\t\t\t  <\/div><\/div>\n\t\t  <style>\n\t\t    .fb-background-color {\n\t\t\t\tbackground: #ffffff !important;\n\t\t\t}\n\t\t\t.fb_iframe_widget_fluid_desktop iframe {\n\t\t\t    width: 100% !important;\n\t\t\t}\n\t\t  <\/style>\n\t\t  ","protected":false},"excerpt":{"rendered":"<p>La temperatura se mantuvo alta en estos \u00faltimos dias en Viedma y zonas aleda\u00f1as, lo cual llev\u00f3 a que muchos vecinos vayan a disfrutar la playa y la Costanera. Varios optaron para ir hasta \u00abEl C\u00f3ndor\u00bb y a pesar que existen ordenanzas para que no se trasladen los veh\u00edculos por varias zonas de la playa, [&hellip;]<\/p>\n","protected":false},"author":2,"featured_media":39152,"comment_status":"closed","ping_status":"closed","sticky":false,"template":"","format":"standard","meta":{"_joinchat":[],"footnotes":""},"categories":[39],"tags":[],"class_list":["post-39150","post","type-post","status-publish","format-standard","has-post-thumbnail","hentry","category-en-esta-seccion"],"_links":{"self":[{"href":"https:\/\/www.elpolitologoyelpolitico.com.ar\/wordpress\/wp-json\/wp\/v2\/posts\/39150","targetHints":{"allow":["GET"]}}],"collection":[{"href":"https:\/\/www.elpolitologoyelpolitico.com.ar\/wordpress\/wp-json\/wp\/v2\/posts"}],"about":[{"href":"https:\/\/www.elpolitologoyelpolitico.com.ar\/wordpress\/wp-json\/wp\/v2\/types\/post"}],"author":[{"embeddable":true,"href":"https:\/\/www.elpolitologoyelpolitico.com.ar\/wordpress\/wp-json\/wp\/v2\/users\/2"}],"replies":[{"embeddable":true,"href":"https:\/\/www.elpolitologoyelpolitico.com.ar\/wordpress\/wp-json\/wp\/v2\/comments?post=39150"}],"version-history":[{"count":3,"href":"https:\/\/www.elpolitologoyelpolitico.com.ar\/wordpress\/wp-json\/wp\/v2\/posts\/39150\/revisions"}],"predecessor-version":[{"id":39157,"href":"https:\/\/www.elpolitologoyelpolitico.com.ar\/wordpress\/wp-json\/wp\/v2\/posts\/39150\/revisions\/39157"}],"wp:featuredmedia":[{"embeddable":true,"href":"https:\/\/www.elpolitologoyelpolitico.com.ar\/wordpress\/wp-json\/wp\/v2\/media\/39152"}],"wp:attachment":[{"href":"https:\/\/www.elpolitologoyelpolitico.com.ar\/wordpress\/wp-json\/wp\/v2\/media?parent=39150"}],"wp:term":[{"taxonomy":"category","embeddable":true,"href":"https:\/\/www.elpolitologoyelpolitico.com.ar\/wordpress\/wp-json\/wp\/v2\/categories?post=39150"},{"taxonomy":"post_tag","embeddable":true,"href":"https:\/\/www.elpolitologoyelpolitico.com.ar\/wordpress\/wp-json\/wp\/v2\/tags?post=39150"}],"curies":[{"name":"wp","href":"https:\/\/api.w.org\/{rel}","templated":true}]}}