{"id":39147,"date":"2024-11-25T08:37:45","date_gmt":"2024-11-25T11:37:45","guid":{"rendered":"https:\/\/www.elpolitologoyelpolitico.com.ar\/wordpress\/?p=39147"},"modified":"2024-11-25T08:37:47","modified_gmt":"2024-11-25T11:37:47","slug":"viento-y-lluvia-para-la-tarde-noche-en-la-comarca","status":"publish","type":"post","link":"https:\/\/www.elpolitologoyelpolitico.com.ar\/wordpress\/2024\/11\/25\/viento-y-lluvia-para-la-tarde-noche-en-la-comarca\/","title":{"rendered":"Viento y lluvia para la tarde noche en La Comarca"},"content":{"rendered":"\n<p>El&nbsp;Servicio Meteorol\u00f3gico Nacional (SMN)&nbsp;emiti\u00f3 alertas de nivel naranja y amarillo debido a la posibilidad de tormentas fuertes, acompa\u00f1adas de r\u00e1fagas, intensa actividad el\u00e9ctrica y posible ca\u00edda de granizo.<\/p>\n\n\n\n<p>En La Comarca Viedma- Patagones se esperan fuertes vientos que rondar\u00e1n los 50 km\/h y lluvia para la noche. <\/p>\n\n\n\n<p>La temperatura maxima ser\u00e1 de 25\u00b0 mientras que la minima llegara a los 12\u00b0 o 13\u00b0 para este lunes 25 de noviembre. <\/p>\n\n\n\n<p>El cielo se encuentra totalmente despejado en la ma\u00f1ana y a la tarde aparecen las nubes, para que a la noche llegue la lluvia en Patagones y Viedma. <\/p>\n<div class=\"fb-background-color\">\n\t\t\t  <div \n\t\t\t  \tclass = \"fb-comments\" \n\t\t\t  \tdata-href = \"https:\/\/www.elpolitologoyelpolitico.com.ar\/wordpress\/2024\/11\/25\/viento-y-lluvia-para-la-tarde-noche-en-la-comarca\/\"\n\t\t\t  \tdata-numposts = \"10\"\n\t\t\t  \tdata-lazy = \"true\"\n\t\t\t\tdata-colorscheme = \"light\"\n\t\t\t\tdata-order-by = \"social\"\n\t\t\t\tdata-mobile=true>\n\t\t\t  <\/div><\/div>\n\t\t  <style>\n\t\t    .fb-background-color {\n\t\t\t\tbackground: #ffffff !important;\n\t\t\t}\n\t\t\t.fb_iframe_widget_fluid_desktop iframe {\n\t\t\t    width: 100% !important;\n\t\t\t}\n\t\t  <\/style>\n\t\t  ","protected":false},"excerpt":{"rendered":"<p>El&nbsp;Servicio Meteorol\u00f3gico Nacional (SMN)&nbsp;emiti\u00f3 alertas de nivel naranja y amarillo debido a la posibilidad de tormentas fuertes, acompa\u00f1adas de r\u00e1fagas, intensa actividad el\u00e9ctrica y posible ca\u00edda de granizo. En La Comarca Viedma- Patagones se esperan fuertes vientos que rondar\u00e1n los 50 km\/h y lluvia para la noche. La temperatura maxima ser\u00e1 de 25\u00b0 mientras que [&hellip;]<\/p>\n","protected":false},"author":2,"featured_media":39148,"comment_status":"closed","ping_status":"closed","sticky":false,"template":"","format":"standard","meta":{"_joinchat":[],"footnotes":""},"categories":[39],"tags":[],"class_list":["post-39147","post","type-post","status-publish","format-standard","has-post-thumbnail","hentry","category-en-esta-seccion"],"_links":{"self":[{"href":"https:\/\/www.elpolitologoyelpolitico.com.ar\/wordpress\/wp-json\/wp\/v2\/posts\/39147","targetHints":{"allow":["GET"]}}],"collection":[{"href":"https:\/\/www.elpolitologoyelpolitico.com.ar\/wordpress\/wp-json\/wp\/v2\/posts"}],"about":[{"href":"https:\/\/www.elpolitologoyelpolitico.com.ar\/wordpress\/wp-json\/wp\/v2\/types\/post"}],"author":[{"embeddable":true,"href":"https:\/\/www.elpolitologoyelpolitico.com.ar\/wordpress\/wp-json\/wp\/v2\/users\/2"}],"replies":[{"embeddable":true,"href":"https:\/\/www.elpolitologoyelpolitico.com.ar\/wordpress\/wp-json\/wp\/v2\/comments?post=39147"}],"version-history":[{"count":1,"href":"https:\/\/www.elpolitologoyelpolitico.com.ar\/wordpress\/wp-json\/wp\/v2\/posts\/39147\/revisions"}],"predecessor-version":[{"id":39149,"href":"https:\/\/www.elpolitologoyelpolitico.com.ar\/wordpress\/wp-json\/wp\/v2\/posts\/39147\/revisions\/39149"}],"wp:featuredmedia":[{"embeddable":true,"href":"https:\/\/www.elpolitologoyelpolitico.com.ar\/wordpress\/wp-json\/wp\/v2\/media\/39148"}],"wp:attachment":[{"href":"https:\/\/www.elpolitologoyelpolitico.com.ar\/wordpress\/wp-json\/wp\/v2\/media?parent=39147"}],"wp:term":[{"taxonomy":"category","embeddable":true,"href":"https:\/\/www.elpolitologoyelpolitico.com.ar\/wordpress\/wp-json\/wp\/v2\/categories?post=39147"},{"taxonomy":"post_tag","embeddable":true,"href":"https:\/\/www.elpolitologoyelpolitico.com.ar\/wordpress\/wp-json\/wp\/v2\/tags?post=39147"}],"curies":[{"name":"wp","href":"https:\/\/api.w.org\/{rel}","templated":true}]}}