{"id":39141,"date":"2024-11-23T00:17:32","date_gmt":"2024-11-23T03:17:32","guid":{"rendered":"https:\/\/www.elpolitologoyelpolitico.com.ar\/wordpress\/?p=39141"},"modified":"2024-11-23T00:17:57","modified_gmt":"2024-11-23T03:17:57","slug":"la-libertad-avanza-es-el-unico-partido-politico-que-representa-a-javier-milei-en-rio-ne","status":"publish","type":"post","link":"https:\/\/www.elpolitologoyelpolitico.com.ar\/wordpress\/2024\/11\/23\/la-libertad-avanza-es-el-unico-partido-politico-que-representa-a-javier-milei-en-rio-ne\/","title":{"rendered":"La Libertad Avanza es el \u00fanico Partido Pol\u00edtico que representa a Javier Milei en R\u00edo Negro"},"content":{"rendered":"\n<p>Damian Torres es el apoderado del Partido Pol\u00edtico La Libertad Avanza en R\u00edo Negro y Neuquen. <\/p>\n\n\n\n<p>Torres coment\u00f3 que en R\u00edo Negro, figuras destacadas como el legislador C\u00e9sar Dom\u00ednguez y los concejales Nicol\u00e1s Ali y Ivi Franco, entre otros, fueron elegidos por la ciudadan\u00eda por representar fielmente las ideas del presidente Javier Milei.<\/p>\n\n\n\n<p>Agreg\u00f3<strong> \u00absu permanencia en La Libertad Avanza demuestra que est\u00e1n honrando las bancas ue ganaron por voto popular y cumpliendo con el mandato que el pueblo les confi\u00f3. Estas personas son un ejemplo de compromiso con los valores de la libertad, la vida y la propiedad, que son el eje central de nuestro partido\u00bb<\/strong><\/p>\n\n\n\n<p>Torres opin\u00f3 del ex candidato a gobernador     Ariel Rivero y sostuvo: \u00ab<strong>respecto a Ariel Rivero, quien decidi\u00f3 conformar un partido pol\u00edtico por fuera de La Libertad Avanza, es importante destacar que siempre ser\u00e1 bienvenido a nuestro espacio, como lo ha sido en el pasado. Recordemos que Rivero fue candidato a gobernador antes de la creaci\u00f3n de nuestro partido y su contribuci\u00f3n en ese momento fue valiosa. <\/strong><\/p>\n\n\n\n<p><strong>\u00abSin embargo, es fundamental se\u00f1alar que La Libertad Avanza es el \u00fanico partido que representa en R\u00edo Negro las ideas de la libertad y defiende el gobierno del presidente Javiepr Milei\u00bb<\/strong> aclar\u00f3 el apoderado Torres<\/p>\n\n\n\n<p><strong>\u00abLos partidos que se conforman por fuera de nuestro espacio podr\u00e1n ser amigos en alg\u00fan momento, pero no son parte de nosotros. Ariel Rivero, al igual que otros actores pol\u00edticos, deber\u00e1 definir su postura si realmente desea seguir defendiendo estas ideas desde dentro<\/strong> <strong>de La Libertad Avanza o no<\/strong>\u00bb indic\u00f3 Damian Torres. <\/p>\n\n\n\n<p>Torres expres\u00f3 <strong>\u00abcon su experiencia y trayectoria, Rivero sabe que cualquier intento jur\u00eddico de pedir las bancas a los actores mencionados al inicio es completamente inviable, dado los antecedentes jurisprudenciales en la materia.Reafirmamos que La Libertad Avanza en R\u00edo Negro sigue siendo un espacio abierto para todos aquellos que desean defender las ideas de la libertad\u00bb <\/strong><\/p>\n\n\n\n<p><strong>\u00abEste es el mandato de las autoridades partidarias nacionales, y nuestra prioridad es seguir fortaleciendo este proyecto pol\u00edtico con quienes comparten nuestros principios\u00bb<\/strong> finaliz\u00f3 Dami\u00e1n Torres. <\/p>\n\n\n\n<p><\/p>\n<div class=\"fb-background-color\">\n\t\t\t  <div \n\t\t\t  \tclass = \"fb-comments\" \n\t\t\t  \tdata-href = \"https:\/\/www.elpolitologoyelpolitico.com.ar\/wordpress\/2024\/11\/23\/la-libertad-avanza-es-el-unico-partido-politico-que-representa-a-javier-milei-en-rio-ne\/\"\n\t\t\t  \tdata-numposts = \"10\"\n\t\t\t  \tdata-lazy = \"true\"\n\t\t\t\tdata-colorscheme = \"light\"\n\t\t\t\tdata-order-by = \"social\"\n\t\t\t\tdata-mobile=true>\n\t\t\t  <\/div><\/div>\n\t\t  <style>\n\t\t    .fb-background-color {\n\t\t\t\tbackground: #ffffff !important;\n\t\t\t}\n\t\t\t.fb_iframe_widget_fluid_desktop iframe {\n\t\t\t    width: 100% !important;\n\t\t\t}\n\t\t  <\/style>\n\t\t  ","protected":false},"excerpt":{"rendered":"<p>Damian Torres es el apoderado del Partido Pol\u00edtico La Libertad Avanza en R\u00edo Negro y Neuquen. Torres coment\u00f3 que en R\u00edo Negro, figuras destacadas como el legislador C\u00e9sar Dom\u00ednguez y los concejales Nicol\u00e1s Ali y Ivi Franco, entre otros, fueron elegidos por la ciudadan\u00eda por representar fielmente las ideas del presidente Javier Milei. Agreg\u00f3 \u00absu [&hellip;]<\/p>\n","protected":false},"author":2,"featured_media":39144,"comment_status":"closed","ping_status":"closed","sticky":false,"template":"","format":"standard","meta":{"_joinchat":[],"footnotes":""},"categories":[39],"tags":[],"class_list":["post-39141","post","type-post","status-publish","format-standard","has-post-thumbnail","hentry","category-en-esta-seccion"],"_links":{"self":[{"href":"https:\/\/www.elpolitologoyelpolitico.com.ar\/wordpress\/wp-json\/wp\/v2\/posts\/39141","targetHints":{"allow":["GET"]}}],"collection":[{"href":"https:\/\/www.elpolitologoyelpolitico.com.ar\/wordpress\/wp-json\/wp\/v2\/posts"}],"about":[{"href":"https:\/\/www.elpolitologoyelpolitico.com.ar\/wordpress\/wp-json\/wp\/v2\/types\/post"}],"author":[{"embeddable":true,"href":"https:\/\/www.elpolitologoyelpolitico.com.ar\/wordpress\/wp-json\/wp\/v2\/users\/2"}],"replies":[{"embeddable":true,"href":"https:\/\/www.elpolitologoyelpolitico.com.ar\/wordpress\/wp-json\/wp\/v2\/comments?post=39141"}],"version-history":[{"count":2,"href":"https:\/\/www.elpolitologoyelpolitico.com.ar\/wordpress\/wp-json\/wp\/v2\/posts\/39141\/revisions"}],"predecessor-version":[{"id":39146,"href":"https:\/\/www.elpolitologoyelpolitico.com.ar\/wordpress\/wp-json\/wp\/v2\/posts\/39141\/revisions\/39146"}],"wp:featuredmedia":[{"embeddable":true,"href":"https:\/\/www.elpolitologoyelpolitico.com.ar\/wordpress\/wp-json\/wp\/v2\/media\/39144"}],"wp:attachment":[{"href":"https:\/\/www.elpolitologoyelpolitico.com.ar\/wordpress\/wp-json\/wp\/v2\/media?parent=39141"}],"wp:term":[{"taxonomy":"category","embeddable":true,"href":"https:\/\/www.elpolitologoyelpolitico.com.ar\/wordpress\/wp-json\/wp\/v2\/categories?post=39141"},{"taxonomy":"post_tag","embeddable":true,"href":"https:\/\/www.elpolitologoyelpolitico.com.ar\/wordpress\/wp-json\/wp\/v2\/tags?post=39141"}],"curies":[{"name":"wp","href":"https:\/\/api.w.org\/{rel}","templated":true}]}}