{"id":39138,"date":"2024-11-22T09:32:31","date_gmt":"2024-11-22T12:32:31","guid":{"rendered":"https:\/\/www.elpolitologoyelpolitico.com.ar\/wordpress\/?p=39138"},"modified":"2024-11-22T09:32:33","modified_gmt":"2024-11-22T12:32:33","slug":"el-inadaptado-de-siempre-el-concejal-de-la-libertad-avanza-que-esta-en-la-mira","status":"publish","type":"post","link":"https:\/\/www.elpolitologoyelpolitico.com.ar\/wordpress\/2024\/11\/22\/el-inadaptado-de-siempre-el-concejal-de-la-libertad-avanza-que-esta-en-la-mira\/","title":{"rendered":"El Inadaptado de siempre: \u00abEl Concejal de la Libertad Avanza que est\u00e1 en la mira\u00bb"},"content":{"rendered":"\n<p>Si hay una persona al que todos lo llaman el \u00abInadaptado\u00bb es al Concejal de Patagones Roberto Jesus Martinez, por los distintos hechos que fue particip\u00e9 en este a\u00f1o 2024. <\/p>\n\n\n\n<p>Desde sus malas actitudes con los empleados municipales y concejales de Patagones desde que asumi\u00f3 el 10 de diciembre del a\u00f1o 2023, contin\u00faando con la denuncia de violencia de genero de la Concejal Ivi Silvina Franco de Viedma, la denuncia que le hicieron algunos periodistas, su incapacidad cuando fue presidente del Concejo Deliberante de Patagones, su alianza con Uni\u00f3n de la Patria y el intendente Ricardo Marino, su distancia con la gente y ausencia de Capital Social, su mala relaci\u00f3n con otros concejales que estaban en la lista de LLA en Patagones y no pueden tener derecho pol\u00edtico de asumir a su cargo por la ausencia de la concejal titular en varias sesiones, entre otras. <\/p>\n\n\n\n<p>Todo las miradas est\u00e1n en una sola persona que es el Concejal Roberto Martinez y a fin de a\u00f1o cuando se haga un analisis politico de como fue la funci\u00f3n y gesti\u00f3n de varios actores pol\u00edticos libertarios, hay muchas posibilidades de que se tomen ciertas decisones pol\u00edticas y partidarias. <\/p>\n\n\n\n<p>La pol\u00edtica se basa en la imagen y la acci\u00f3n de cada actor pol\u00edtico en la sociedad y el Estado.<\/p>\n\n\n\n<p>Todo lo que viene haciendo el concejal de Patagones, lleva a reflexionar cual es la decisi\u00f3n que van a tomar los referentes del Partido LLA a Nivel Nacional con respecto a al concejal y su espacio que hoy est\u00e1 en Patagones en alianza con Uni\u00f3n por la Patria y tomando decisiones paup\u00e9rrimas que hacen mal a la sociedad.   <\/p>\n<div class=\"fb-background-color\">\n\t\t\t  <div \n\t\t\t  \tclass = \"fb-comments\" \n\t\t\t  \tdata-href = \"https:\/\/www.elpolitologoyelpolitico.com.ar\/wordpress\/2024\/11\/22\/el-inadaptado-de-siempre-el-concejal-de-la-libertad-avanza-que-esta-en-la-mira\/\"\n\t\t\t  \tdata-numposts = \"10\"\n\t\t\t  \tdata-lazy = \"true\"\n\t\t\t\tdata-colorscheme = \"light\"\n\t\t\t\tdata-order-by = \"social\"\n\t\t\t\tdata-mobile=true>\n\t\t\t  <\/div><\/div>\n\t\t  <style>\n\t\t    .fb-background-color {\n\t\t\t\tbackground: #ffffff !important;\n\t\t\t}\n\t\t\t.fb_iframe_widget_fluid_desktop iframe {\n\t\t\t    width: 100% !important;\n\t\t\t}\n\t\t  <\/style>\n\t\t  ","protected":false},"excerpt":{"rendered":"<p>Si hay una persona al que todos lo llaman el \u00abInadaptado\u00bb es al Concejal de Patagones Roberto Jesus Martinez, por los distintos hechos que fue particip\u00e9 en este a\u00f1o 2024. Desde sus malas actitudes con los empleados municipales y concejales de Patagones desde que asumi\u00f3 el 10 de diciembre del a\u00f1o 2023, contin\u00faando con la [&hellip;]<\/p>\n","protected":false},"author":2,"featured_media":39139,"comment_status":"closed","ping_status":"closed","sticky":false,"template":"","format":"standard","meta":{"_joinchat":[],"footnotes":""},"categories":[39],"tags":[],"class_list":["post-39138","post","type-post","status-publish","format-standard","has-post-thumbnail","hentry","category-en-esta-seccion"],"_links":{"self":[{"href":"https:\/\/www.elpolitologoyelpolitico.com.ar\/wordpress\/wp-json\/wp\/v2\/posts\/39138","targetHints":{"allow":["GET"]}}],"collection":[{"href":"https:\/\/www.elpolitologoyelpolitico.com.ar\/wordpress\/wp-json\/wp\/v2\/posts"}],"about":[{"href":"https:\/\/www.elpolitologoyelpolitico.com.ar\/wordpress\/wp-json\/wp\/v2\/types\/post"}],"author":[{"embeddable":true,"href":"https:\/\/www.elpolitologoyelpolitico.com.ar\/wordpress\/wp-json\/wp\/v2\/users\/2"}],"replies":[{"embeddable":true,"href":"https:\/\/www.elpolitologoyelpolitico.com.ar\/wordpress\/wp-json\/wp\/v2\/comments?post=39138"}],"version-history":[{"count":1,"href":"https:\/\/www.elpolitologoyelpolitico.com.ar\/wordpress\/wp-json\/wp\/v2\/posts\/39138\/revisions"}],"predecessor-version":[{"id":39140,"href":"https:\/\/www.elpolitologoyelpolitico.com.ar\/wordpress\/wp-json\/wp\/v2\/posts\/39138\/revisions\/39140"}],"wp:featuredmedia":[{"embeddable":true,"href":"https:\/\/www.elpolitologoyelpolitico.com.ar\/wordpress\/wp-json\/wp\/v2\/media\/39139"}],"wp:attachment":[{"href":"https:\/\/www.elpolitologoyelpolitico.com.ar\/wordpress\/wp-json\/wp\/v2\/media?parent=39138"}],"wp:term":[{"taxonomy":"category","embeddable":true,"href":"https:\/\/www.elpolitologoyelpolitico.com.ar\/wordpress\/wp-json\/wp\/v2\/categories?post=39138"},{"taxonomy":"post_tag","embeddable":true,"href":"https:\/\/www.elpolitologoyelpolitico.com.ar\/wordpress\/wp-json\/wp\/v2\/tags?post=39138"}],"curies":[{"name":"wp","href":"https:\/\/api.w.org\/{rel}","templated":true}]}}