{"id":39135,"date":"2024-11-22T00:00:55","date_gmt":"2024-11-22T03:00:55","guid":{"rendered":"https:\/\/www.elpolitologoyelpolitico.com.ar\/wordpress\/?p=39135"},"modified":"2024-11-22T00:00:57","modified_gmt":"2024-11-22T03:00:57","slug":"patagones-vuelve-la-quema-del-muneco-en-villa-del-carmen","status":"publish","type":"post","link":"https:\/\/www.elpolitologoyelpolitico.com.ar\/wordpress\/2024\/11\/22\/patagones-vuelve-la-quema-del-muneco-en-villa-del-carmen\/","title":{"rendered":"PATAGONES: VUELVE LA QUEMA DEL MU\u00d1ECO EN VILLA DEL CARMEN"},"content":{"rendered":"\n<p>Seg\u00fan informaron vecinos de Villa Del Carmen, ma\u00f1ana hay una reuni\u00f3n importante para empezar con la organizaci\u00f3n de la tradicional quema del mu\u00f1eco en el populoso barrio de Camen de Patagones.<\/p>\n\n\n\n<p>Desde la organizaci\u00f3n, est\u00e1n solicitando la colaboraci\u00f3n para conseguir algunos recursos ya que se encuentran contrareloj porque queda muy poco para a\u00f1o nuevo. <\/p>\n\n\n\n<p>Uno de los organizadores es Agust\u00edn Aguilar, cuyo n\u00famero es 2920571327, quien est\u00e1 recibiendo ayuda de los vecinos y ma\u00f1ana ser\u00e1 un dia importante para ver como sigue todo. <\/p>\n<div class=\"fb-background-color\">\n\t\t\t  <div \n\t\t\t  \tclass = \"fb-comments\" \n\t\t\t  \tdata-href = \"https:\/\/www.elpolitologoyelpolitico.com.ar\/wordpress\/2024\/11\/22\/patagones-vuelve-la-quema-del-muneco-en-villa-del-carmen\/\"\n\t\t\t  \tdata-numposts = \"10\"\n\t\t\t  \tdata-lazy = \"true\"\n\t\t\t\tdata-colorscheme = \"light\"\n\t\t\t\tdata-order-by = \"social\"\n\t\t\t\tdata-mobile=true>\n\t\t\t  <\/div><\/div>\n\t\t  <style>\n\t\t    .fb-background-color {\n\t\t\t\tbackground: #ffffff !important;\n\t\t\t}\n\t\t\t.fb_iframe_widget_fluid_desktop iframe {\n\t\t\t    width: 100% !important;\n\t\t\t}\n\t\t  <\/style>\n\t\t  ","protected":false},"excerpt":{"rendered":"<p>Seg\u00fan informaron vecinos de Villa Del Carmen, ma\u00f1ana hay una reuni\u00f3n importante para empezar con la organizaci\u00f3n de la tradicional quema del mu\u00f1eco en el populoso barrio de Camen de Patagones. Desde la organizaci\u00f3n, est\u00e1n solicitando la colaboraci\u00f3n para conseguir algunos recursos ya que se encuentran contrareloj porque queda muy poco para a\u00f1o nuevo. Uno [&hellip;]<\/p>\n","protected":false},"author":2,"featured_media":39136,"comment_status":"closed","ping_status":"closed","sticky":false,"template":"","format":"standard","meta":{"_joinchat":[],"footnotes":""},"categories":[39],"tags":[],"class_list":["post-39135","post","type-post","status-publish","format-standard","has-post-thumbnail","hentry","category-en-esta-seccion"],"_links":{"self":[{"href":"https:\/\/www.elpolitologoyelpolitico.com.ar\/wordpress\/wp-json\/wp\/v2\/posts\/39135","targetHints":{"allow":["GET"]}}],"collection":[{"href":"https:\/\/www.elpolitologoyelpolitico.com.ar\/wordpress\/wp-json\/wp\/v2\/posts"}],"about":[{"href":"https:\/\/www.elpolitologoyelpolitico.com.ar\/wordpress\/wp-json\/wp\/v2\/types\/post"}],"author":[{"embeddable":true,"href":"https:\/\/www.elpolitologoyelpolitico.com.ar\/wordpress\/wp-json\/wp\/v2\/users\/2"}],"replies":[{"embeddable":true,"href":"https:\/\/www.elpolitologoyelpolitico.com.ar\/wordpress\/wp-json\/wp\/v2\/comments?post=39135"}],"version-history":[{"count":1,"href":"https:\/\/www.elpolitologoyelpolitico.com.ar\/wordpress\/wp-json\/wp\/v2\/posts\/39135\/revisions"}],"predecessor-version":[{"id":39137,"href":"https:\/\/www.elpolitologoyelpolitico.com.ar\/wordpress\/wp-json\/wp\/v2\/posts\/39135\/revisions\/39137"}],"wp:featuredmedia":[{"embeddable":true,"href":"https:\/\/www.elpolitologoyelpolitico.com.ar\/wordpress\/wp-json\/wp\/v2\/media\/39136"}],"wp:attachment":[{"href":"https:\/\/www.elpolitologoyelpolitico.com.ar\/wordpress\/wp-json\/wp\/v2\/media?parent=39135"}],"wp:term":[{"taxonomy":"category","embeddable":true,"href":"https:\/\/www.elpolitologoyelpolitico.com.ar\/wordpress\/wp-json\/wp\/v2\/categories?post=39135"},{"taxonomy":"post_tag","embeddable":true,"href":"https:\/\/www.elpolitologoyelpolitico.com.ar\/wordpress\/wp-json\/wp\/v2\/tags?post=39135"}],"curies":[{"name":"wp","href":"https:\/\/api.w.org\/{rel}","templated":true}]}}