{"id":39105,"date":"2024-11-14T11:12:09","date_gmt":"2024-11-14T14:12:09","guid":{"rendered":"https:\/\/www.elpolitologoyelpolitico.com.ar\/wordpress\/?p=39105"},"modified":"2024-11-14T11:12:56","modified_gmt":"2024-11-14T14:12:56","slug":"viedma-criticaron-a-marcos-castro-en-plena-sesion-del-concejo-deliberante","status":"publish","type":"post","link":"https:\/\/www.elpolitologoyelpolitico.com.ar\/wordpress\/2024\/11\/14\/viedma-criticaron-a-marcos-castro-en-plena-sesion-del-concejo-deliberante\/","title":{"rendered":"VIEDMA: CRITICARON A MARCOS CASTRO EN PLENA SESI\u00d3N DEL CONCEJO DELIBERANTE"},"content":{"rendered":"\n<p>En plena sesi\u00f3n del Concejo Deliberante de Viedma, un militante de ATE y de la Agrupaci\u00f3n Abuelas de Plaza de Mayo critic\u00f3 al Intendente Marcos Castro.<\/p>\n\n\n\n<p>Es que el Concejo Deliberante de Viedma declar\u00f3 como \u00abVecino Destacado de la ciudad en lo Social, Comunitario y Humano\u00bb al trabajador de la salud y dirigente gremial Carlos Novillo.<\/p>\n\n\n\n<p>Al proyecto lo aprobaron todos los concejales, menos la concejal libertaria Ivi Silvina Franco. <\/p>\n\n\n\n<p>En la sesi\u00f3n tambien apoyaron la noci\u00f3n trabajadores y militantes gremiales y sociales, de Viedma y distintos puntos de la Provincia. <\/p>\n\n\n\n<p><\/p>\n<div class=\"fb-background-color\">\n\t\t\t  <div \n\t\t\t  \tclass = \"fb-comments\" \n\t\t\t  \tdata-href = \"https:\/\/www.elpolitologoyelpolitico.com.ar\/wordpress\/2024\/11\/14\/viedma-criticaron-a-marcos-castro-en-plena-sesion-del-concejo-deliberante\/\"\n\t\t\t  \tdata-numposts = \"10\"\n\t\t\t  \tdata-lazy = \"true\"\n\t\t\t\tdata-colorscheme = \"light\"\n\t\t\t\tdata-order-by = \"social\"\n\t\t\t\tdata-mobile=true>\n\t\t\t  <\/div><\/div>\n\t\t  <style>\n\t\t    .fb-background-color {\n\t\t\t\tbackground: #ffffff !important;\n\t\t\t}\n\t\t\t.fb_iframe_widget_fluid_desktop iframe {\n\t\t\t    width: 100% !important;\n\t\t\t}\n\t\t  <\/style>\n\t\t  ","protected":false},"excerpt":{"rendered":"<p>En plena sesi\u00f3n del Concejo Deliberante de Viedma, un militante de ATE y de la Agrupaci\u00f3n Abuelas de Plaza de Mayo critic\u00f3 al Intendente Marcos Castro. Es que el Concejo Deliberante de Viedma declar\u00f3 como \u00abVecino Destacado de la ciudad en lo Social, Comunitario y Humano\u00bb al trabajador de la salud y dirigente gremial Carlos [&hellip;]<\/p>\n","protected":false},"author":2,"featured_media":39108,"comment_status":"closed","ping_status":"closed","sticky":false,"template":"","format":"standard","meta":{"_joinchat":[],"footnotes":""},"categories":[39],"tags":[],"class_list":["post-39105","post","type-post","status-publish","format-standard","has-post-thumbnail","hentry","category-en-esta-seccion"],"_links":{"self":[{"href":"https:\/\/www.elpolitologoyelpolitico.com.ar\/wordpress\/wp-json\/wp\/v2\/posts\/39105","targetHints":{"allow":["GET"]}}],"collection":[{"href":"https:\/\/www.elpolitologoyelpolitico.com.ar\/wordpress\/wp-json\/wp\/v2\/posts"}],"about":[{"href":"https:\/\/www.elpolitologoyelpolitico.com.ar\/wordpress\/wp-json\/wp\/v2\/types\/post"}],"author":[{"embeddable":true,"href":"https:\/\/www.elpolitologoyelpolitico.com.ar\/wordpress\/wp-json\/wp\/v2\/users\/2"}],"replies":[{"embeddable":true,"href":"https:\/\/www.elpolitologoyelpolitico.com.ar\/wordpress\/wp-json\/wp\/v2\/comments?post=39105"}],"version-history":[{"count":1,"href":"https:\/\/www.elpolitologoyelpolitico.com.ar\/wordpress\/wp-json\/wp\/v2\/posts\/39105\/revisions"}],"predecessor-version":[{"id":39107,"href":"https:\/\/www.elpolitologoyelpolitico.com.ar\/wordpress\/wp-json\/wp\/v2\/posts\/39105\/revisions\/39107"}],"wp:featuredmedia":[{"embeddable":true,"href":"https:\/\/www.elpolitologoyelpolitico.com.ar\/wordpress\/wp-json\/wp\/v2\/media\/39108"}],"wp:attachment":[{"href":"https:\/\/www.elpolitologoyelpolitico.com.ar\/wordpress\/wp-json\/wp\/v2\/media?parent=39105"}],"wp:term":[{"taxonomy":"category","embeddable":true,"href":"https:\/\/www.elpolitologoyelpolitico.com.ar\/wordpress\/wp-json\/wp\/v2\/categories?post=39105"},{"taxonomy":"post_tag","embeddable":true,"href":"https:\/\/www.elpolitologoyelpolitico.com.ar\/wordpress\/wp-json\/wp\/v2\/tags?post=39105"}],"curies":[{"name":"wp","href":"https:\/\/api.w.org\/{rel}","templated":true}]}}