{"id":39098,"date":"2024-11-12T18:35:27","date_gmt":"2024-11-12T21:35:27","guid":{"rendered":"https:\/\/www.elpolitologoyelpolitico.com.ar\/wordpress\/?p=39098"},"modified":"2024-11-12T18:35:29","modified_gmt":"2024-11-12T21:35:29","slug":"una-funcionaria-municipal-de-viedma-bajo-la-lupa-por-la-venta-forzosa-de-un-panteon-en-el-cementerio","status":"publish","type":"post","link":"https:\/\/www.elpolitologoyelpolitico.com.ar\/wordpress\/2024\/11\/12\/una-funcionaria-municipal-de-viedma-bajo-la-lupa-por-la-venta-forzosa-de-un-panteon-en-el-cementerio\/","title":{"rendered":"Una Funcionaria Municipal de Viedma bajo la lupa por la venta forzosa de un pante\u00f3n en el Cementerio"},"content":{"rendered":"\n<p>Hace algunos d\u00edas se concret\u00f3 la venta forzosa de un pante\u00f3n en el Cementerio de Viedma.<\/p>\n\n\n\n<p>Todo indica que la protagonista fue una funcionaria de Viedma, bajo un acto que despierta ciertas incognitas y sospechas. <\/p>\n\n\n\n<p>A los gritos se concret\u00f3 el hecho por pedido estricto e irregular de la Jefa de Gabinete, que queria que se venda por modica suma de 150.000 pesos un pante\u00f3n en desuso en el Cementerio local, para beneficiar a una subordinada de su \u00e1rea, con mucha trayectoria en el municipio de Viedma. <\/p>\n\n\n\n<p>Enojos y amenazas acompa\u00f1aron los gritos y las ordenes, bajo advertencia de que xorrian riesgo los puestos laborales de los empleados del cementerio. <\/p>\n\n\n\n<p><\/p>\n<div class=\"fb-background-color\">\n\t\t\t  <div \n\t\t\t  \tclass = \"fb-comments\" \n\t\t\t  \tdata-href = \"https:\/\/www.elpolitologoyelpolitico.com.ar\/wordpress\/2024\/11\/12\/una-funcionaria-municipal-de-viedma-bajo-la-lupa-por-la-venta-forzosa-de-un-panteon-en-el-cementerio\/\"\n\t\t\t  \tdata-numposts = \"10\"\n\t\t\t  \tdata-lazy = \"true\"\n\t\t\t\tdata-colorscheme = \"light\"\n\t\t\t\tdata-order-by = \"social\"\n\t\t\t\tdata-mobile=true>\n\t\t\t  <\/div><\/div>\n\t\t  <style>\n\t\t    .fb-background-color {\n\t\t\t\tbackground: #ffffff !important;\n\t\t\t}\n\t\t\t.fb_iframe_widget_fluid_desktop iframe {\n\t\t\t    width: 100% !important;\n\t\t\t}\n\t\t  <\/style>\n\t\t  ","protected":false},"excerpt":{"rendered":"<p>Hace algunos d\u00edas se concret\u00f3 la venta forzosa de un pante\u00f3n en el Cementerio de Viedma. Todo indica que la protagonista fue una funcionaria de Viedma, bajo un acto que despierta ciertas incognitas y sospechas. A los gritos se concret\u00f3 el hecho por pedido estricto e irregular de la Jefa de Gabinete, que queria que [&hellip;]<\/p>\n","protected":false},"author":2,"featured_media":39099,"comment_status":"closed","ping_status":"closed","sticky":false,"template":"","format":"standard","meta":{"_joinchat":[],"footnotes":""},"categories":[39],"tags":[],"class_list":["post-39098","post","type-post","status-publish","format-standard","has-post-thumbnail","hentry","category-en-esta-seccion"],"_links":{"self":[{"href":"https:\/\/www.elpolitologoyelpolitico.com.ar\/wordpress\/wp-json\/wp\/v2\/posts\/39098","targetHints":{"allow":["GET"]}}],"collection":[{"href":"https:\/\/www.elpolitologoyelpolitico.com.ar\/wordpress\/wp-json\/wp\/v2\/posts"}],"about":[{"href":"https:\/\/www.elpolitologoyelpolitico.com.ar\/wordpress\/wp-json\/wp\/v2\/types\/post"}],"author":[{"embeddable":true,"href":"https:\/\/www.elpolitologoyelpolitico.com.ar\/wordpress\/wp-json\/wp\/v2\/users\/2"}],"replies":[{"embeddable":true,"href":"https:\/\/www.elpolitologoyelpolitico.com.ar\/wordpress\/wp-json\/wp\/v2\/comments?post=39098"}],"version-history":[{"count":1,"href":"https:\/\/www.elpolitologoyelpolitico.com.ar\/wordpress\/wp-json\/wp\/v2\/posts\/39098\/revisions"}],"predecessor-version":[{"id":39100,"href":"https:\/\/www.elpolitologoyelpolitico.com.ar\/wordpress\/wp-json\/wp\/v2\/posts\/39098\/revisions\/39100"}],"wp:featuredmedia":[{"embeddable":true,"href":"https:\/\/www.elpolitologoyelpolitico.com.ar\/wordpress\/wp-json\/wp\/v2\/media\/39099"}],"wp:attachment":[{"href":"https:\/\/www.elpolitologoyelpolitico.com.ar\/wordpress\/wp-json\/wp\/v2\/media?parent=39098"}],"wp:term":[{"taxonomy":"category","embeddable":true,"href":"https:\/\/www.elpolitologoyelpolitico.com.ar\/wordpress\/wp-json\/wp\/v2\/categories?post=39098"},{"taxonomy":"post_tag","embeddable":true,"href":"https:\/\/www.elpolitologoyelpolitico.com.ar\/wordpress\/wp-json\/wp\/v2\/tags?post=39098"}],"curies":[{"name":"wp","href":"https:\/\/api.w.org\/{rel}","templated":true}]}}