{"id":39074,"date":"2024-11-08T22:52:01","date_gmt":"2024-11-09T01:52:01","guid":{"rendered":"https:\/\/www.elpolitologoyelpolitico.com.ar\/wordpress\/?p=39074"},"modified":"2024-11-08T22:52:02","modified_gmt":"2024-11-09T01:52:02","slug":"el-camino-a-san-blas-esta-intransitable-y-puede-provocar-un-accidente","status":"publish","type":"post","link":"https:\/\/www.elpolitologoyelpolitico.com.ar\/wordpress\/2024\/11\/08\/el-camino-a-san-blas-esta-intransitable-y-puede-provocar-un-accidente\/","title":{"rendered":"El Camino a San Blas est\u00e1 intransitable y puede provocar un accidente"},"content":{"rendered":"\n<p>La Municipalidad de Patagones sigue sin dar respuesta y el camino que une Carmen de Patagones con San Blas se encuentra intransitable. <\/p>\n\n\n\n<p>Es impresionante como esta el camino, lleno de serruchos y los reclamos cada vez son m\u00e1s.<\/p>\n\n\n\n<p><strong>\u00abEs muy peligroso porque puede provocar un accidente o una victima fatal<\/strong>\u00bb expres\u00f3 un vecino. <\/p>\n\n\n\n<figure class=\"wp-block-image size-large\"><img fetchpriority=\"high\" decoding=\"async\" width=\"918\" height=\"1024\" src=\"https:\/\/www.elpolitologoyelpolitico.com.ar\/wp-content\/uploads\/2024\/11\/IMG-20241108-WA0047-918x1024.jpg\" alt=\"\" class=\"wp-image-39077\" srcset=\"https:\/\/www.elpolitologoyelpolitico.com.ar\/wp-content\/uploads\/2024\/11\/IMG-20241108-WA0047-918x1024.jpg 918w, https:\/\/www.elpolitologoyelpolitico.com.ar\/wp-content\/uploads\/2024\/11\/IMG-20241108-WA0047-269x300.jpg 269w, https:\/\/www.elpolitologoyelpolitico.com.ar\/wp-content\/uploads\/2024\/11\/IMG-20241108-WA0047-768x857.jpg 768w, https:\/\/www.elpolitologoyelpolitico.com.ar\/wp-content\/uploads\/2024\/11\/IMG-20241108-WA0047.jpg 1080w\" sizes=\"(max-width: 918px) 100vw, 918px\" \/><\/figure>\n\n\n\n<p>Desde el Municipio de Patagones, no dieron ninguna respuesta y hasta el momento hay que tener precauci\u00f3n para trasladarse por el camino. <\/p>\n\n\n\n<p>Antes de la S donde est\u00e1 la capilla hay muchas piedras sueltas y algunas de tama\u00f1o importante como para romper una cubierta. El resto est\u00e1 con bastante serrucho y en algunas partes profundos. <\/p>\n\n\n\n<p>Se solicita circular con mucha precauci\u00f3n y a velocidad moderada con luces encendidas.<\/p>\n<div class=\"fb-background-color\">\n\t\t\t  <div \n\t\t\t  \tclass = \"fb-comments\" \n\t\t\t  \tdata-href = \"https:\/\/www.elpolitologoyelpolitico.com.ar\/wordpress\/2024\/11\/08\/el-camino-a-san-blas-esta-intransitable-y-puede-provocar-un-accidente\/\"\n\t\t\t  \tdata-numposts = \"10\"\n\t\t\t  \tdata-lazy = \"true\"\n\t\t\t\tdata-colorscheme = \"light\"\n\t\t\t\tdata-order-by = \"social\"\n\t\t\t\tdata-mobile=true>\n\t\t\t  <\/div><\/div>\n\t\t  <style>\n\t\t    .fb-background-color {\n\t\t\t\tbackground: #ffffff !important;\n\t\t\t}\n\t\t\t.fb_iframe_widget_fluid_desktop iframe {\n\t\t\t    width: 100% !important;\n\t\t\t}\n\t\t  <\/style>\n\t\t  ","protected":false},"excerpt":{"rendered":"<p>La Municipalidad de Patagones sigue sin dar respuesta y el camino que une Carmen de Patagones con San Blas se encuentra intransitable. Es impresionante como esta el camino, lleno de serruchos y los reclamos cada vez son m\u00e1s. \u00abEs muy peligroso porque puede provocar un accidente o una victima fatal\u00bb expres\u00f3 un vecino. Desde el [&hellip;]<\/p>\n","protected":false},"author":2,"featured_media":39075,"comment_status":"closed","ping_status":"closed","sticky":false,"template":"","format":"standard","meta":{"_joinchat":[],"footnotes":""},"categories":[39],"tags":[],"class_list":["post-39074","post","type-post","status-publish","format-standard","has-post-thumbnail","hentry","category-en-esta-seccion"],"_links":{"self":[{"href":"https:\/\/www.elpolitologoyelpolitico.com.ar\/wordpress\/wp-json\/wp\/v2\/posts\/39074","targetHints":{"allow":["GET"]}}],"collection":[{"href":"https:\/\/www.elpolitologoyelpolitico.com.ar\/wordpress\/wp-json\/wp\/v2\/posts"}],"about":[{"href":"https:\/\/www.elpolitologoyelpolitico.com.ar\/wordpress\/wp-json\/wp\/v2\/types\/post"}],"author":[{"embeddable":true,"href":"https:\/\/www.elpolitologoyelpolitico.com.ar\/wordpress\/wp-json\/wp\/v2\/users\/2"}],"replies":[{"embeddable":true,"href":"https:\/\/www.elpolitologoyelpolitico.com.ar\/wordpress\/wp-json\/wp\/v2\/comments?post=39074"}],"version-history":[{"count":1,"href":"https:\/\/www.elpolitologoyelpolitico.com.ar\/wordpress\/wp-json\/wp\/v2\/posts\/39074\/revisions"}],"predecessor-version":[{"id":39078,"href":"https:\/\/www.elpolitologoyelpolitico.com.ar\/wordpress\/wp-json\/wp\/v2\/posts\/39074\/revisions\/39078"}],"wp:featuredmedia":[{"embeddable":true,"href":"https:\/\/www.elpolitologoyelpolitico.com.ar\/wordpress\/wp-json\/wp\/v2\/media\/39075"}],"wp:attachment":[{"href":"https:\/\/www.elpolitologoyelpolitico.com.ar\/wordpress\/wp-json\/wp\/v2\/media?parent=39074"}],"wp:term":[{"taxonomy":"category","embeddable":true,"href":"https:\/\/www.elpolitologoyelpolitico.com.ar\/wordpress\/wp-json\/wp\/v2\/categories?post=39074"},{"taxonomy":"post_tag","embeddable":true,"href":"https:\/\/www.elpolitologoyelpolitico.com.ar\/wordpress\/wp-json\/wp\/v2\/tags?post=39074"}],"curies":[{"name":"wp","href":"https:\/\/api.w.org\/{rel}","templated":true}]}}