{"id":39066,"date":"2024-11-07T19:43:44","date_gmt":"2024-11-07T22:43:44","guid":{"rendered":"https:\/\/www.elpolitologoyelpolitico.com.ar\/wordpress\/?p=39066"},"modified":"2024-11-07T19:43:45","modified_gmt":"2024-11-07T22:43:45","slug":"viedma-manana-las-oficinas-de-la-municipalidad-estaran-cerradas-pero-habra-recoleccion-de-residuos","status":"publish","type":"post","link":"https:\/\/www.elpolitologoyelpolitico.com.ar\/wordpress\/2024\/11\/07\/viedma-manana-las-oficinas-de-la-municipalidad-estaran-cerradas-pero-habra-recoleccion-de-residuos\/","title":{"rendered":"VIEDMA: Ma\u00f1ana las oficinas de la Municipalidad estar\u00e1n cerradas pero habr\u00e1 recolecci\u00f3n de residuos"},"content":{"rendered":"\n<p>En conmemoraci\u00f3n del D\u00eda del Empleado y la Empleada Municipal, las oficinas municipales permanecer\u00e1n cerradas este viernes.<\/p>\n\n\n\n<p>La recolecci\u00f3n de residuos se llevar\u00e1 a cabo con normalidad en todos los barrios de la ciudad, seg\u00fan los cronogramas establecidos. <\/p>\n\n\n\n<p>Solo las \u00e1reas municipales encargadas de atender emergencias estar\u00e1n operativas para garantizar la continuidad de los servicios esenciales. <\/p>\n\n\n\n<p>Las actividades habituales se reanudar\u00e1n el lunes. <\/p>\n\n\n\n<p>El intendente Marcos Castro extendi\u00f3 su saludo y agradecimiento a todos los trabajadores de la comuna, destacando el orgullo que siente por ser parte del equipo municipal. <\/p>\n<div class=\"fb-background-color\">\n\t\t\t  <div \n\t\t\t  \tclass = \"fb-comments\" \n\t\t\t  \tdata-href = \"https:\/\/www.elpolitologoyelpolitico.com.ar\/wordpress\/2024\/11\/07\/viedma-manana-las-oficinas-de-la-municipalidad-estaran-cerradas-pero-habra-recoleccion-de-residuos\/\"\n\t\t\t  \tdata-numposts = \"10\"\n\t\t\t  \tdata-lazy = \"true\"\n\t\t\t\tdata-colorscheme = \"light\"\n\t\t\t\tdata-order-by = \"social\"\n\t\t\t\tdata-mobile=true>\n\t\t\t  <\/div><\/div>\n\t\t  <style>\n\t\t    .fb-background-color {\n\t\t\t\tbackground: #ffffff !important;\n\t\t\t}\n\t\t\t.fb_iframe_widget_fluid_desktop iframe {\n\t\t\t    width: 100% !important;\n\t\t\t}\n\t\t  <\/style>\n\t\t  ","protected":false},"excerpt":{"rendered":"<p>En conmemoraci\u00f3n del D\u00eda del Empleado y la Empleada Municipal, las oficinas municipales permanecer\u00e1n cerradas este viernes. La recolecci\u00f3n de residuos se llevar\u00e1 a cabo con normalidad en todos los barrios de la ciudad, seg\u00fan los cronogramas establecidos. Solo las \u00e1reas municipales encargadas de atender emergencias estar\u00e1n operativas para garantizar la continuidad de los servicios [&hellip;]<\/p>\n","protected":false},"author":2,"featured_media":39067,"comment_status":"closed","ping_status":"closed","sticky":false,"template":"","format":"standard","meta":{"_joinchat":[],"footnotes":""},"categories":[39],"tags":[],"class_list":["post-39066","post","type-post","status-publish","format-standard","has-post-thumbnail","hentry","category-en-esta-seccion"],"_links":{"self":[{"href":"https:\/\/www.elpolitologoyelpolitico.com.ar\/wordpress\/wp-json\/wp\/v2\/posts\/39066","targetHints":{"allow":["GET"]}}],"collection":[{"href":"https:\/\/www.elpolitologoyelpolitico.com.ar\/wordpress\/wp-json\/wp\/v2\/posts"}],"about":[{"href":"https:\/\/www.elpolitologoyelpolitico.com.ar\/wordpress\/wp-json\/wp\/v2\/types\/post"}],"author":[{"embeddable":true,"href":"https:\/\/www.elpolitologoyelpolitico.com.ar\/wordpress\/wp-json\/wp\/v2\/users\/2"}],"replies":[{"embeddable":true,"href":"https:\/\/www.elpolitologoyelpolitico.com.ar\/wordpress\/wp-json\/wp\/v2\/comments?post=39066"}],"version-history":[{"count":1,"href":"https:\/\/www.elpolitologoyelpolitico.com.ar\/wordpress\/wp-json\/wp\/v2\/posts\/39066\/revisions"}],"predecessor-version":[{"id":39068,"href":"https:\/\/www.elpolitologoyelpolitico.com.ar\/wordpress\/wp-json\/wp\/v2\/posts\/39066\/revisions\/39068"}],"wp:featuredmedia":[{"embeddable":true,"href":"https:\/\/www.elpolitologoyelpolitico.com.ar\/wordpress\/wp-json\/wp\/v2\/media\/39067"}],"wp:attachment":[{"href":"https:\/\/www.elpolitologoyelpolitico.com.ar\/wordpress\/wp-json\/wp\/v2\/media?parent=39066"}],"wp:term":[{"taxonomy":"category","embeddable":true,"href":"https:\/\/www.elpolitologoyelpolitico.com.ar\/wordpress\/wp-json\/wp\/v2\/categories?post=39066"},{"taxonomy":"post_tag","embeddable":true,"href":"https:\/\/www.elpolitologoyelpolitico.com.ar\/wordpress\/wp-json\/wp\/v2\/tags?post=39066"}],"curies":[{"name":"wp","href":"https:\/\/api.w.org\/{rel}","templated":true}]}}