{"id":39058,"date":"2024-11-07T18:04:23","date_gmt":"2024-11-07T21:04:23","guid":{"rendered":"https:\/\/www.elpolitologoyelpolitico.com.ar\/wordpress\/?p=39058"},"modified":"2024-11-07T18:04:25","modified_gmt":"2024-11-07T21:04:25","slug":"aparecio-sana-y-salva-la-adolescente-que-buscaban-en-viedma","status":"publish","type":"post","link":"https:\/\/www.elpolitologoyelpolitico.com.ar\/wordpress\/2024\/11\/07\/aparecio-sana-y-salva-la-adolescente-que-buscaban-en-viedma\/","title":{"rendered":"Apareci\u00f3 sana y salva la adolescente que buscaban en Viedma"},"content":{"rendered":"\n<p><\/p>\n\n\n\n<p>Keyla Nahiara Acu\u00f1a desapareci\u00f3 el martes  en Viedma y sus familiares la buscaban desesperadamente. <\/p>\n\n\n\n<p>Miles de personas compartieron la publicaci\u00f3n de este medio y hoy apareci\u00f3 con vida, sana y salva Keyla Acu\u00f1a. <\/p>\n\n\n\n<p>Familiares y amigos agradecen a todos los que se comprometieron a ayudar en la busqueda de la joven. <\/p>\n<div class=\"fb-background-color\">\n\t\t\t  <div \n\t\t\t  \tclass = \"fb-comments\" \n\t\t\t  \tdata-href = \"https:\/\/www.elpolitologoyelpolitico.com.ar\/wordpress\/2024\/11\/07\/aparecio-sana-y-salva-la-adolescente-que-buscaban-en-viedma\/\"\n\t\t\t  \tdata-numposts = \"10\"\n\t\t\t  \tdata-lazy = \"true\"\n\t\t\t\tdata-colorscheme = \"light\"\n\t\t\t\tdata-order-by = \"social\"\n\t\t\t\tdata-mobile=true>\n\t\t\t  <\/div><\/div>\n\t\t  <style>\n\t\t    .fb-background-color {\n\t\t\t\tbackground: #ffffff !important;\n\t\t\t}\n\t\t\t.fb_iframe_widget_fluid_desktop iframe {\n\t\t\t    width: 100% !important;\n\t\t\t}\n\t\t  <\/style>\n\t\t  ","protected":false},"excerpt":{"rendered":"<p>Keyla Nahiara Acu\u00f1a desapareci\u00f3 el martes en Viedma y sus familiares la buscaban desesperadamente. Miles de personas compartieron la publicaci\u00f3n de este medio y hoy apareci\u00f3 con vida, sana y salva Keyla Acu\u00f1a. Familiares y amigos agradecen a todos los que se comprometieron a ayudar en la busqueda de la joven.<\/p>\n","protected":false},"author":2,"featured_media":39050,"comment_status":"closed","ping_status":"closed","sticky":false,"template":"","format":"standard","meta":{"_joinchat":[],"footnotes":""},"categories":[39],"tags":[],"class_list":["post-39058","post","type-post","status-publish","format-standard","has-post-thumbnail","hentry","category-en-esta-seccion"],"_links":{"self":[{"href":"https:\/\/www.elpolitologoyelpolitico.com.ar\/wordpress\/wp-json\/wp\/v2\/posts\/39058","targetHints":{"allow":["GET"]}}],"collection":[{"href":"https:\/\/www.elpolitologoyelpolitico.com.ar\/wordpress\/wp-json\/wp\/v2\/posts"}],"about":[{"href":"https:\/\/www.elpolitologoyelpolitico.com.ar\/wordpress\/wp-json\/wp\/v2\/types\/post"}],"author":[{"embeddable":true,"href":"https:\/\/www.elpolitologoyelpolitico.com.ar\/wordpress\/wp-json\/wp\/v2\/users\/2"}],"replies":[{"embeddable":true,"href":"https:\/\/www.elpolitologoyelpolitico.com.ar\/wordpress\/wp-json\/wp\/v2\/comments?post=39058"}],"version-history":[{"count":1,"href":"https:\/\/www.elpolitologoyelpolitico.com.ar\/wordpress\/wp-json\/wp\/v2\/posts\/39058\/revisions"}],"predecessor-version":[{"id":39059,"href":"https:\/\/www.elpolitologoyelpolitico.com.ar\/wordpress\/wp-json\/wp\/v2\/posts\/39058\/revisions\/39059"}],"wp:featuredmedia":[{"embeddable":true,"href":"https:\/\/www.elpolitologoyelpolitico.com.ar\/wordpress\/wp-json\/wp\/v2\/media\/39050"}],"wp:attachment":[{"href":"https:\/\/www.elpolitologoyelpolitico.com.ar\/wordpress\/wp-json\/wp\/v2\/media?parent=39058"}],"wp:term":[{"taxonomy":"category","embeddable":true,"href":"https:\/\/www.elpolitologoyelpolitico.com.ar\/wordpress\/wp-json\/wp\/v2\/categories?post=39058"},{"taxonomy":"post_tag","embeddable":true,"href":"https:\/\/www.elpolitologoyelpolitico.com.ar\/wordpress\/wp-json\/wp\/v2\/tags?post=39058"}],"curies":[{"name":"wp","href":"https:\/\/api.w.org\/{rel}","templated":true}]}}