{"id":39049,"date":"2024-11-06T21:21:37","date_gmt":"2024-11-07T00:21:37","guid":{"rendered":"https:\/\/www.elpolitologoyelpolitico.com.ar\/wordpress\/?p=39049"},"modified":"2024-11-06T21:22:38","modified_gmt":"2024-11-07T00:22:38","slug":"buscan-desesperadamente-a-una-adolescente-en-viedma","status":"publish","type":"post","link":"https:\/\/www.elpolitologoyelpolitico.com.ar\/wordpress\/2024\/11\/06\/buscan-desesperadamente-a-una-adolescente-en-viedma\/","title":{"rendered":"Buscan desesperadamente a una adolescente en Viedma"},"content":{"rendered":"\n<p>Keyla Nahiara Acu\u00f1a desapareci\u00f3 ayer en Viedma y sus familiares la est\u00e1n buscando. <\/p>\n\n\n\n<p>Mide 1,60 aproximadamente. Vestia jeans nevado, zapatillas blanca y una remera azul. <\/p>\n\n\n\n<p>Su familia no tiene informaci\u00f3n y la buscan desesperadamente. <\/p>\n\n\n\n<p>Cualquier informaci\u00f3n comunicarse al 2920624750 o con Brenda Acu\u00f1a. <\/p>\n<div class=\"fb-background-color\">\n\t\t\t  <div \n\t\t\t  \tclass = \"fb-comments\" \n\t\t\t  \tdata-href = \"https:\/\/www.elpolitologoyelpolitico.com.ar\/wordpress\/2024\/11\/06\/buscan-desesperadamente-a-una-adolescente-en-viedma\/\"\n\t\t\t  \tdata-numposts = \"10\"\n\t\t\t  \tdata-lazy = \"true\"\n\t\t\t\tdata-colorscheme = \"light\"\n\t\t\t\tdata-order-by = \"social\"\n\t\t\t\tdata-mobile=true>\n\t\t\t  <\/div><\/div>\n\t\t  <style>\n\t\t    .fb-background-color {\n\t\t\t\tbackground: #ffffff !important;\n\t\t\t}\n\t\t\t.fb_iframe_widget_fluid_desktop iframe {\n\t\t\t    width: 100% !important;\n\t\t\t}\n\t\t  <\/style>\n\t\t  ","protected":false},"excerpt":{"rendered":"<p>Keyla Nahiara Acu\u00f1a desapareci\u00f3 ayer en Viedma y sus familiares la est\u00e1n buscando. Mide 1,60 aproximadamente. Vestia jeans nevado, zapatillas blanca y una remera azul. Su familia no tiene informaci\u00f3n y la buscan desesperadamente. Cualquier informaci\u00f3n comunicarse al 2920624750 o con Brenda Acu\u00f1a.<\/p>\n","protected":false},"author":2,"featured_media":39050,"comment_status":"closed","ping_status":"closed","sticky":false,"template":"","format":"standard","meta":{"_joinchat":[],"footnotes":""},"categories":[39],"tags":[],"class_list":["post-39049","post","type-post","status-publish","format-standard","has-post-thumbnail","hentry","category-en-esta-seccion"],"_links":{"self":[{"href":"https:\/\/www.elpolitologoyelpolitico.com.ar\/wordpress\/wp-json\/wp\/v2\/posts\/39049","targetHints":{"allow":["GET"]}}],"collection":[{"href":"https:\/\/www.elpolitologoyelpolitico.com.ar\/wordpress\/wp-json\/wp\/v2\/posts"}],"about":[{"href":"https:\/\/www.elpolitologoyelpolitico.com.ar\/wordpress\/wp-json\/wp\/v2\/types\/post"}],"author":[{"embeddable":true,"href":"https:\/\/www.elpolitologoyelpolitico.com.ar\/wordpress\/wp-json\/wp\/v2\/users\/2"}],"replies":[{"embeddable":true,"href":"https:\/\/www.elpolitologoyelpolitico.com.ar\/wordpress\/wp-json\/wp\/v2\/comments?post=39049"}],"version-history":[{"count":2,"href":"https:\/\/www.elpolitologoyelpolitico.com.ar\/wordpress\/wp-json\/wp\/v2\/posts\/39049\/revisions"}],"predecessor-version":[{"id":39052,"href":"https:\/\/www.elpolitologoyelpolitico.com.ar\/wordpress\/wp-json\/wp\/v2\/posts\/39049\/revisions\/39052"}],"wp:featuredmedia":[{"embeddable":true,"href":"https:\/\/www.elpolitologoyelpolitico.com.ar\/wordpress\/wp-json\/wp\/v2\/media\/39050"}],"wp:attachment":[{"href":"https:\/\/www.elpolitologoyelpolitico.com.ar\/wordpress\/wp-json\/wp\/v2\/media?parent=39049"}],"wp:term":[{"taxonomy":"category","embeddable":true,"href":"https:\/\/www.elpolitologoyelpolitico.com.ar\/wordpress\/wp-json\/wp\/v2\/categories?post=39049"},{"taxonomy":"post_tag","embeddable":true,"href":"https:\/\/www.elpolitologoyelpolitico.com.ar\/wordpress\/wp-json\/wp\/v2\/tags?post=39049"}],"curies":[{"name":"wp","href":"https:\/\/api.w.org\/{rel}","templated":true}]}}